{"id":10,"date":"2014-11-12T11:29:50","date_gmt":"2014-11-12T11:29:50","guid":{"rendered":"http:\/\/novo2017.assemit.com.br\/?p=10"},"modified":"2014-11-12T11:29:50","modified_gmt":"2014-11-12T11:29:50","slug":"definida-comissao-organizadora-da-8o-efrait","status":"publish","type":"post","link":"https:\/\/assemit.com.br\/novo\/?p=10","title":{"rendered":"Definida comiss\u00e3o organizadora da 8\u00aa Efrait"},"content":{"rendered":"<p style=\"text-align: justify;\"><img decoding=\"async\" class=\" size-full wp-image-9\" src=\"http:\/\/novo2017.assemit.com.br\/wp-content\/uploads\/2014\/11\/img_5877.jpg\" border=\"0\" width=\"700\" style=\"border: 0;\" srcset=\"https:\/\/assemit.com.br\/novo\/wp-content\/uploads\/2014\/11\/img_5877.jpg 900w, https:\/\/assemit.com.br\/novo\/wp-content\/uploads\/2014\/11\/img_5877-300x200.jpg 300w, https:\/\/assemit.com.br\/novo\/wp-content\/uploads\/2014\/11\/img_5877-768x512.jpg 768w, https:\/\/assemit.com.br\/novo\/wp-content\/uploads\/2014\/11\/img_5877-619x413.jpg 619w\" sizes=\"(max-width: 900px) 100vw, 900px\" \/><\/p>\n<p style=\"text-align: justify;\"><em><span style=\"font-family: Calibri;\"><span style=\"font-size: 11pt;\">Organizada pela Assemit em parceria  com a prefeitura, a Efrait \u00e9 a maior feira <\/span><\/span><\/em><span style=\"font-family: Calibri;\"><span style=\"font-size: 11pt;\"><em>de Itapiranga<\/em> <\/span><\/span><\/p>\n<p style=\"text-align: justify;\"><span style=\"font-family: Calibri;\"><span style=\"font-size: 11pt;\">A 8\u00ba edi\u00e7\u00e3o acontece  de 1 a 3 de maio de 2015.\u00a0 Na manh\u00e3 de quarta-feira, 12, a comiss\u00e3o  organizadora se reuniu para planejar o evento. Os shows principais j\u00e1 est\u00e3o  programados e restam apenas alguns estandes \u00e0 venda. <\/span><\/span><\/p>\n<p class=\"MsoNormal\" style=\"margin: 0cm 0cm 8pt; line-height: normal; text-align: justify;\"><span style=\"font-family: Calibri;\"><span style=\"font-size: 11pt;\">Segundo o presidente da  comiss\u00e3o, Elton Maldaner, a procura \u00e9 maior do que na edi\u00e7\u00e3o passada.  \u201cEstamos surpresos com a venda de estandes e a expectativa \u00e9 grande para a  feira\u201d. Atra\u00e7\u00f5es nacionais j\u00e1 est\u00e3o confirmadas: banda Chimarruts, dupla  sertaneja Carlos e Jader, Tch\u00ea Sarandeio e as bandas locais Orquestra  Continental, Rapaziada Sertaneja e Valkyria. Est\u00e1 sendo criada uma nova  marca para a Efrait. <\/span><\/span><\/p>\n<p class=\"MsoNormal\" style=\"margin: 0cm 0cm 8pt; line-height: normal; text-align: justify;\"><span style=\"font-family: Calibri;\"><span style=\"font-size: 11pt;\">Valorizando as cores do munic\u00edpio, o objetivo \u00e9 criar  uma identidade visual, para ser utilizada em todo material de divulga\u00e7\u00e3o.  Al\u00e9m dos shows e exposi\u00e7\u00e3o comercial, a agropecu\u00e1ria ser\u00e1 destaque. Em torno  de 50 produtores est\u00e3o preparando mais de 200 animais das ra\u00e7as j\u00e9rsei e  holandesa. <\/span><\/span><\/p>\n<p class=\"MsoNormal\" style=\"margin: 0cm 0cm 8pt; line-height: normal; text-align: justify;\"><span style=\"font-family: Calibri;\"><span style=\"font-size: 11pt;\">Tamb\u00e9m ser\u00e1 montada uma mini fazenda, com exposi\u00e7\u00e3o de mais de  30 esp\u00e9cies de p\u00e1ssaros, coelhos, pintainhos, mini vaca, p\u00f4nei, aves e  outras.<\/span><\/p>\n<p><strong style=\"mso-bidi-font-weight: normal;\"><span><span style=\"font-size: 12pt;\">Comiss\u00e3o Organizadora<\/span><\/span><\/strong><br \/><span style=\"font-size: 11pt;\">Presidente:<span style=\"mso-spacerun: yes;\"> <\/span>Elton Maldaner<br \/>Vice-presidente: Guido Flach<br \/>Tesoureiro: Clemente  Schnorrenberger<br \/>Alimenta\u00e7\u00e3o e bebidas: Marino Spies e Valdir  Bourscheid<br \/>Urbanismo: Nelson Arenhardt<br \/>Venda de estandes: Alexandre  Siqueira, Beatriz Wink, Raquel La\u00eds<br \/>Comunica\u00e7\u00e3o\/Divulga\u00e7\u00e3o: Sadi Reckziegel e  Rafael Stuelp<br \/>Shows: Elton Maldaner, Cleusa Soethe Guareschi \u00a0e Guido Flach<br \/>Agricultura: Alberto  Lengert, Domic\u00edlio Stefanello e Lazi\u00ea De Col<br \/>Conv\u00eanios: Alexandre Siqueira,  Edgar Hickmann, Gabriel Celuppi e Marino Ramos <br \/>Atra\u00e7\u00f5es culturais: Cristiani  Werlang e Fernanda Stahl<\/span><\/span><\/p>\n","protected":false},"excerpt":{"rendered":"<p>Organizada pela Assemit em parceria com a prefeitura, a Efrait \u00e9 a maior feira de Itapiranga A 8\u00ba edi\u00e7\u00e3o acontece de 1 a 3 de maio de 2015.\u00a0 Na manh\u00e3 de quarta-feira, 12, a comiss\u00e3o organizadora se reuniu para planejar [&hellip;]<\/p>\n","protected":false},"author":1,"featured_media":9,"comment_status":"open","ping_status":"open","sticky":false,"template":"","format":"standard","meta":{"ngg_post_thumbnail":0,"footnotes":""},"categories":[6],"tags":[],"class_list":["post-10","post","type-post","status-publish","format-standard","has-post-thumbnail","hentry","category-novidades"],"_links":{"self":[{"href":"https:\/\/assemit.com.br\/novo\/index.php?rest_route=\/wp\/v2\/posts\/10","targetHints":{"allow":["GET"]}}],"collection":[{"href":"https:\/\/assemit.com.br\/novo\/index.php?rest_route=\/wp\/v2\/posts"}],"about":[{"href":"https:\/\/assemit.com.br\/novo\/index.php?rest_route=\/wp\/v2\/types\/post"}],"author":[{"embeddable":true,"href":"https:\/\/assemit.com.br\/novo\/index.php?rest_route=\/wp\/v2\/users\/1"}],"replies":[{"embeddable":true,"href":"https:\/\/assemit.com.br\/novo\/index.php?rest_route=%2Fwp%2Fv2%2Fcomments&post=10"}],"version-history":[{"count":0,"href":"https:\/\/assemit.com.br\/novo\/index.php?rest_route=\/wp\/v2\/posts\/10\/revisions"}],"wp:featuredmedia":[{"embeddable":true,"href":"https:\/\/assemit.com.br\/novo\/index.php?rest_route=\/wp\/v2\/media\/9"}],"wp:attachment":[{"href":"https:\/\/assemit.com.br\/novo\/index.php?rest_route=%2Fwp%2Fv2%2Fmedia&parent=10"}],"wp:term":[{"taxonomy":"category","embeddable":true,"href":"https:\/\/assemit.com.br\/novo\/index.php?rest_route=%2Fwp%2Fv2%2Fcategories&post=10"},{"taxonomy":"post_tag","embeddable":true,"href":"https:\/\/assemit.com.br\/novo\/index.php?rest_route=%2Fwp%2Fv2%2Ftags&post=10"}],"curies":[{"name":"wp","href":"https:\/\/api.w.org\/{rel}","templated":true}]}}