{"id":11,"date":"2014-11-03T10:01:05","date_gmt":"2014-11-03T10:01:05","guid":{"rendered":"http:\/\/novo2017.assemit.com.br\/?p=11"},"modified":"2014-11-03T10:01:05","modified_gmt":"2014-11-03T10:01:05","slug":"efrait-2015-inicia-venda-de-estandes-a-empresas-nao-associadas","status":"publish","type":"post","link":"https:\/\/assemit.com.br\/novo\/?p=11","title":{"rendered":"Efrait 2015 inicia venda de estandes a empresas n\u00e3o associadas"},"content":{"rendered":"<p style=\"text-align: justify;\">A Assemit &#8211; Associa\u00e7\u00e3o dos Empres\u00e1rios de Itapiranga, entidade respons\u00e1vel pela organiza\u00e7\u00e3o da Efrait, estar\u00e1 comercializando estandes na feira para empresas n\u00e3o associadas a partir desta segunda-feira, 03. Para os associados, foi oferecida a op\u00e7\u00e3o de escolher os estandes primeiro, na parte interna dos pavilh\u00f5es da Oktober, onde acontece a feira. A venda dos estandes externos ainda n\u00e3o iniciou.<\/p>\n<p style=\"text-align: justify;\">De acordo com a Assemit, caso algum associado ainda tenha interesse em reservar um estande na feira, deve entrar em contato o mais breve poss\u00edvel para garantir o espa\u00e7o.<\/p>\n<p style=\"text-align: justify;\"><strong>Shows<\/strong><\/p>\n<p style=\"text-align: justify;\">A 8\u00aa Efrait acontece de 1 a 3 de maio de 2015 e nesta edi\u00e7\u00e3o contar\u00e1 com atra\u00e7\u00f5es como Chimarruts, Carlos e Jader, Tch\u00ea Sarandeio, al\u00e9m das bandas locais Valkyria, Orquestra Continental e Rapaziada Sertaneja.<\/p>\n<p style=\"text-align: justify;\">A Efrait acontece a cada dois anos em Itapiranga e, al\u00e9m dos shows, mostra o potencial da ind\u00fastria, com\u00e9rcio e agropecu\u00e1ria da regi\u00e3o. Em 2015, o feriado de 1 de maio ser\u00e1 aproveitado para os dias da feira.<\/p>\n","protected":false},"excerpt":{"rendered":"<p>A Assemit &#8211; Associa\u00e7\u00e3o dos Empres\u00e1rios de Itapiranga, entidade respons\u00e1vel pela organiza\u00e7\u00e3o da Efrait, estar\u00e1 comercializando estandes na feira para empresas n\u00e3o associadas a partir desta segunda-feira, 03. Para os associados, foi oferecida a op\u00e7\u00e3o de escolher os estandes primeiro, [&hellip;]<\/p>\n","protected":false},"author":1,"featured_media":0,"comment_status":"open","ping_status":"open","sticky":false,"template":"","format":"standard","meta":{"ngg_post_thumbnail":0,"footnotes":""},"categories":[6],"tags":[],"class_list":["post-11","post","type-post","status-publish","format-standard","hentry","category-novidades"],"_links":{"self":[{"href":"https:\/\/assemit.com.br\/novo\/index.php?rest_route=\/wp\/v2\/posts\/11","targetHints":{"allow":["GET"]}}],"collection":[{"href":"https:\/\/assemit.com.br\/novo\/index.php?rest_route=\/wp\/v2\/posts"}],"about":[{"href":"https:\/\/assemit.com.br\/novo\/index.php?rest_route=\/wp\/v2\/types\/post"}],"author":[{"embeddable":true,"href":"https:\/\/assemit.com.br\/novo\/index.php?rest_route=\/wp\/v2\/users\/1"}],"replies":[{"embeddable":true,"href":"https:\/\/assemit.com.br\/novo\/index.php?rest_route=%2Fwp%2Fv2%2Fcomments&post=11"}],"version-history":[{"count":0,"href":"https:\/\/assemit.com.br\/novo\/index.php?rest_route=\/wp\/v2\/posts\/11\/revisions"}],"wp:attachment":[{"href":"https:\/\/assemit.com.br\/novo\/index.php?rest_route=%2Fwp%2Fv2%2Fmedia&parent=11"}],"wp:term":[{"taxonomy":"category","embeddable":true,"href":"https:\/\/assemit.com.br\/novo\/index.php?rest_route=%2Fwp%2Fv2%2Fcategories&post=11"},{"taxonomy":"post_tag","embeddable":true,"href":"https:\/\/assemit.com.br\/novo\/index.php?rest_route=%2Fwp%2Fv2%2Ftags&post=11"}],"curies":[{"name":"wp","href":"https:\/\/api.w.org\/{rel}","templated":true}]}}