{"id":110,"date":"2014-07-11T16:23:52","date_gmt":"2014-07-11T16:23:52","guid":{"rendered":"http:\/\/novo2017.assemit.com.br\/?p=110"},"modified":"2014-07-11T16:23:52","modified_gmt":"2014-07-11T16:23:52","slug":"nucleo-da-mulher-empresaria-itapiranguense","status":"publish","type":"post","link":"https:\/\/assemit.com.br\/novo\/?p=110","title":{"rendered":"N\u00facleo da Mulher Empres\u00e1ria Itapiranguense"},"content":{"rendered":"<p>O N\u00facleo da Mulher Empres\u00e1ria Itapiranguense reuniu-se nessa quarta-feira (09) para programar a primeira participa\u00e7\u00e3o em Assembleia do CEME &#8211; Conselho Estadual da Mulher Empres\u00e1ria que acontecer\u00e1 em Maravilha dia 11-07 (sexta-feira).<\/p>\n<p><img loading=\"lazy\" decoding=\"async\" class=\" size-full wp-image-109\" src=\"http:\/\/novo2017.assemit.com.br\/wp-content\/uploads\/2014\/07\/dsc_6285_1.jpg\" border=\"0\" width=\"600\" height=\"400\" srcset=\"https:\/\/assemit.com.br\/novo\/wp-content\/uploads\/2014\/07\/dsc_6285_1.jpg 600w, https:\/\/assemit.com.br\/novo\/wp-content\/uploads\/2014\/07\/dsc_6285_1-300x200.jpg 300w\" sizes=\"auto, (max-width: 600px) 100vw, 600px\" \/><\/p>\n","protected":false},"excerpt":{"rendered":"<p>O N\u00facleo da Mulher Empres\u00e1ria Itapiranguense reuniu-se nessa quarta-feira (09) para programar a primeira participa\u00e7\u00e3o em Assembleia do CEME &#8211; Conselho Estadual da Mulher Empres\u00e1ria que acontecer\u00e1 em Maravilha dia 11-07 (sexta-feira).<\/p>\n","protected":false},"author":1,"featured_media":109,"comment_status":"open","ping_status":"open","sticky":false,"template":"","format":"standard","meta":{"ngg_post_thumbnail":0,"footnotes":""},"categories":[6],"tags":[],"class_list":["post-110","post","type-post","status-publish","format-standard","has-post-thumbnail","hentry","category-novidades"],"_links":{"self":[{"href":"https:\/\/assemit.com.br\/novo\/index.php?rest_route=\/wp\/v2\/posts\/110","targetHints":{"allow":["GET"]}}],"collection":[{"href":"https:\/\/assemit.com.br\/novo\/index.php?rest_route=\/wp\/v2\/posts"}],"about":[{"href":"https:\/\/assemit.com.br\/novo\/index.php?rest_route=\/wp\/v2\/types\/post"}],"author":[{"embeddable":true,"href":"https:\/\/assemit.com.br\/novo\/index.php?rest_route=\/wp\/v2\/users\/1"}],"replies":[{"embeddable":true,"href":"https:\/\/assemit.com.br\/novo\/index.php?rest_route=%2Fwp%2Fv2%2Fcomments&post=110"}],"version-history":[{"count":0,"href":"https:\/\/assemit.com.br\/novo\/index.php?rest_route=\/wp\/v2\/posts\/110\/revisions"}],"wp:featuredmedia":[{"embeddable":true,"href":"https:\/\/assemit.com.br\/novo\/index.php?rest_route=\/wp\/v2\/media\/109"}],"wp:attachment":[{"href":"https:\/\/assemit.com.br\/novo\/index.php?rest_route=%2Fwp%2Fv2%2Fmedia&parent=110"}],"wp:term":[{"taxonomy":"category","embeddable":true,"href":"https:\/\/assemit.com.br\/novo\/index.php?rest_route=%2Fwp%2Fv2%2Fcategories&post=110"},{"taxonomy":"post_tag","embeddable":true,"href":"https:\/\/assemit.com.br\/novo\/index.php?rest_route=%2Fwp%2Fv2%2Ftags&post=110"}],"curies":[{"name":"wp","href":"https:\/\/api.w.org\/{rel}","templated":true}]}}