{"id":112,"date":"2014-06-16T19:47:47","date_gmt":"2014-06-16T19:47:47","guid":{"rendered":"http:\/\/novo2017.assemit.com.br\/?p=112"},"modified":"2014-06-16T19:47:47","modified_gmt":"2014-06-16T19:47:47","slug":"nucleo-de-contadores-e-diversos-parceiros-realizam-recolha-de-donativos-para-o-projeto-infancia-saudavel","status":"publish","type":"post","link":"https:\/\/assemit.com.br\/novo\/?p=112","title":{"rendered":"N\u00facleo de Contadores e diversos parceiros realizam recolha de donativos para o Projeto Inf\u00e2ncia Saud\u00e1vel."},"content":{"rendered":"<p class=\"MsoNormal\"><span style=\"font-size: 12pt; line-height: 115%; font-family: Helvetica, sans-serif; background-image: initial; background-attachment: initial; background-size: initial; background-origin: initial; background-clip: initial; background-position: initial; background-repeat: initial;\">Durante a tarde do ultimo s\u00e1bado (14) realizou-se a recolha nas casas do bairros e centro do munic\u00edpio. <\/span><\/p>\n<p class=\"MsoNormal\"><span style=\"font-size: 12pt; line-height: 115%; font-family: Helvetica, sans-serif; background-image: initial; background-attachment: initial; background-size: initial; background-origin: initial; background-clip: initial; background-position: initial; background-repeat: initial;\">At\u00e9 dia 21\/06 os interessados podem doar levando at\u00e9 os pontos de coleta: Fai Faculdades, Assemit, Escrit\u00f3rios de Contabilidade e Cooper A1.<\/span><span style=\"font-size: 12.0pt; line-height: 115%; font-family: \"><\/p>\n<p> <\/span><\/p>\n<p>\u00a0<\/p>\n<p class=\"MsoNormal\"><span style=\"font-size: 12.0pt; line-height: 115%; font-family: \">No dia 27\/06 ser\u00e1 a entrega para os alunos da Escola B\u00e1sica Municipal Peperi Gua\u00e7u em Linha Aparecida, no dia<\/span><span style=\"font-size: 12pt; line-height: 115%; font-family: Arial, sans-serif; background-image: initial; background-attachment: initial; background-size: initial; background-origin: initial; background-clip: initial; background-position: initial; background-repeat: initial;\"> haver\u00e1 programa\u00e7\u00e3o especial com palestras sobre educa\u00e7\u00e3o financeira e higiene pessoal, almo\u00e7o, jogos, cama el\u00e1stica e brincadeiras<\/span><span style=\"font-size: 12.0pt; line-height: 115%; font-family: \">.<br \/> <span style=\"background-image: initial; background-attachment: initial; background-size: initial; background-origin: initial; background-clip: initial; background-position: initial; background-repeat: initial;\"><br \/> <span class=\"textexposedshow\">Escrit\u00f3rios Participantes do N\u00facleo: Inatec Contabilidade, Escrit\u00f3rio Oeste, Conceito Contabilidade, Escrit\u00f3rio do Roberto, Emac Contabilidade e VR Contabilidade.<\/span><\/p>\n<p> <span class=\"textexposedshow\">Parceiros: Gr\u00e1fica Porto Novo, Curso de Ci\u00eancias Cont\u00e1beis, Fai Faculdades, JCI Itapiranga, Escoteiros Pedra Vermelha, Corpo de Bombeiros de Itapiranga, Assist\u00eancia Social Prefeitura Municipal de Itapiranga, Primaki Comunica\u00e7\u00e3o Visual, Enc<\/span><\/span><\/span><span style=\"font-family: Helvetica, sans-serif; font-size: 16px; line-height: 18.399999618530273px;\">anto Noivas, Automec\u00e2nica do Pedrinho, Nedel Inform\u00e1tica, Produtos Coloniais Hammerschmitt.<\/span><\/p>\n<p class=\"MsoNormal\"><span style=\"font-family: Helvetica, sans-serif; font-size: 16px; line-height: 18.399999618530273px;\">.<\/span><img loading=\"lazy\" decoding=\"async\" class=\" size-full wp-image-111\" src=\"http:\/\/novo2017.assemit.com.br\/wp-content\/uploads\/2014\/06\/nucleo.jpg\" border=\"0\" style=\"font-family: Helvetica, sans-serif; font-size: 12pt; line-height: 115%;\" width=\"600\" height=\"440\" srcset=\"https:\/\/assemit.com.br\/novo\/wp-content\/uploads\/2014\/06\/nucleo.jpg 600w, https:\/\/assemit.com.br\/novo\/wp-content\/uploads\/2014\/06\/nucleo-300x220.jpg 300w\" sizes=\"auto, (max-width: 600px) 100vw, 600px\" \/><\/p>\n<p class=\"MsoNormal\">Foto: PortalFo<\/p>\n","protected":false},"excerpt":{"rendered":"<p>Durante a tarde do ultimo s\u00e1bado (14) realizou-se a recolha nas casas do bairros e centro do munic\u00edpio. At\u00e9 dia 21\/06 os interessados podem doar levando at\u00e9 os pontos de coleta: Fai Faculdades, Assemit, Escrit\u00f3rios de Contabilidade e Cooper A1. [&hellip;]<\/p>\n","protected":false},"author":1,"featured_media":111,"comment_status":"open","ping_status":"open","sticky":false,"template":"","format":"standard","meta":{"ngg_post_thumbnail":0,"footnotes":""},"categories":[6],"tags":[],"class_list":["post-112","post","type-post","status-publish","format-standard","has-post-thumbnail","hentry","category-novidades"],"_links":{"self":[{"href":"https:\/\/assemit.com.br\/novo\/index.php?rest_route=\/wp\/v2\/posts\/112","targetHints":{"allow":["GET"]}}],"collection":[{"href":"https:\/\/assemit.com.br\/novo\/index.php?rest_route=\/wp\/v2\/posts"}],"about":[{"href":"https:\/\/assemit.com.br\/novo\/index.php?rest_route=\/wp\/v2\/types\/post"}],"author":[{"embeddable":true,"href":"https:\/\/assemit.com.br\/novo\/index.php?rest_route=\/wp\/v2\/users\/1"}],"replies":[{"embeddable":true,"href":"https:\/\/assemit.com.br\/novo\/index.php?rest_route=%2Fwp%2Fv2%2Fcomments&post=112"}],"version-history":[{"count":0,"href":"https:\/\/assemit.com.br\/novo\/index.php?rest_route=\/wp\/v2\/posts\/112\/revisions"}],"wp:featuredmedia":[{"embeddable":true,"href":"https:\/\/assemit.com.br\/novo\/index.php?rest_route=\/wp\/v2\/media\/111"}],"wp:attachment":[{"href":"https:\/\/assemit.com.br\/novo\/index.php?rest_route=%2Fwp%2Fv2%2Fmedia&parent=112"}],"wp:term":[{"taxonomy":"category","embeddable":true,"href":"https:\/\/assemit.com.br\/novo\/index.php?rest_route=%2Fwp%2Fv2%2Fcategories&post=112"},{"taxonomy":"post_tag","embeddable":true,"href":"https:\/\/assemit.com.br\/novo\/index.php?rest_route=%2Fwp%2Fv2%2Ftags&post=112"}],"curies":[{"name":"wp","href":"https:\/\/api.w.org\/{rel}","templated":true}]}}