{"id":114,"date":"2014-06-11T12:33:13","date_gmt":"2014-06-11T12:33:13","guid":{"rendered":"http:\/\/novo2017.assemit.com.br\/?p=114"},"modified":"2014-06-11T12:33:13","modified_gmt":"2014-06-11T12:33:13","slug":"nucleo-de-mulher-empresaria-elege-coordenacao","status":"publish","type":"post","link":"https:\/\/assemit.com.br\/novo\/?p=114","title":{"rendered":"N\u00facleo de Mulher Empres\u00e1ria elege Coordena\u00e7\u00e3o"},"content":{"rendered":"<p>Na manha deste dia 09 o N\u00facleo de Mulher Empres\u00e1ria reuniu-se para eleger a coordena\u00e7\u00e3o, como Coordenadora Carlise W. Werlang, Secret\u00e1ria Cristiani Werlang e Tesoureira Ivete Friedrich.<\/p>\n<p>Conforme a coordenadora eleita, agora o grupo ir\u00e1 estruturar-se. Ainda esta bem no come\u00e7o, ent\u00e3o \u00e9 necess\u00e1rio entender e conhecer um pouco mais do movimento antes de iniciar atividades, no entanto em breve o n\u00facleo deve realizar a\u00e7\u00f5es.<\/p>\n<p>As mulheres empres\u00e1rias interessadas podem procurar as ASSEMIT para maiores informa\u00e7\u00f5es sobre o n\u00facleo.\u00a0<img loading=\"lazy\" decoding=\"async\" class=\" size-full wp-image-113\" src=\"http:\/\/novo2017.assemit.com.br\/wp-content\/uploads\/2014\/06\/img_4952.jpg\" border=\"0\" width=\"500\" height=\"440\" srcset=\"https:\/\/assemit.com.br\/novo\/wp-content\/uploads\/2014\/06\/img_4952.jpg 500w, https:\/\/assemit.com.br\/novo\/wp-content\/uploads\/2014\/06\/img_4952-300x264.jpg 300w\" sizes=\"auto, (max-width: 500px) 100vw, 500px\" \/><\/p>\n","protected":false},"excerpt":{"rendered":"<p>Na manha deste dia 09 o N\u00facleo de Mulher Empres\u00e1ria reuniu-se para eleger a coordena\u00e7\u00e3o, como Coordenadora Carlise W. Werlang, Secret\u00e1ria Cristiani Werlang e Tesoureira Ivete Friedrich. Conforme a coordenadora eleita, agora o grupo ir\u00e1 estruturar-se. Ainda esta bem no [&hellip;]<\/p>\n","protected":false},"author":1,"featured_media":113,"comment_status":"open","ping_status":"open","sticky":false,"template":"","format":"standard","meta":{"ngg_post_thumbnail":0,"footnotes":""},"categories":[6],"tags":[],"class_list":["post-114","post","type-post","status-publish","format-standard","has-post-thumbnail","hentry","category-novidades"],"_links":{"self":[{"href":"https:\/\/assemit.com.br\/novo\/index.php?rest_route=\/wp\/v2\/posts\/114","targetHints":{"allow":["GET"]}}],"collection":[{"href":"https:\/\/assemit.com.br\/novo\/index.php?rest_route=\/wp\/v2\/posts"}],"about":[{"href":"https:\/\/assemit.com.br\/novo\/index.php?rest_route=\/wp\/v2\/types\/post"}],"author":[{"embeddable":true,"href":"https:\/\/assemit.com.br\/novo\/index.php?rest_route=\/wp\/v2\/users\/1"}],"replies":[{"embeddable":true,"href":"https:\/\/assemit.com.br\/novo\/index.php?rest_route=%2Fwp%2Fv2%2Fcomments&post=114"}],"version-history":[{"count":0,"href":"https:\/\/assemit.com.br\/novo\/index.php?rest_route=\/wp\/v2\/posts\/114\/revisions"}],"wp:featuredmedia":[{"embeddable":true,"href":"https:\/\/assemit.com.br\/novo\/index.php?rest_route=\/wp\/v2\/media\/113"}],"wp:attachment":[{"href":"https:\/\/assemit.com.br\/novo\/index.php?rest_route=%2Fwp%2Fv2%2Fmedia&parent=114"}],"wp:term":[{"taxonomy":"category","embeddable":true,"href":"https:\/\/assemit.com.br\/novo\/index.php?rest_route=%2Fwp%2Fv2%2Fcategories&post=114"},{"taxonomy":"post_tag","embeddable":true,"href":"https:\/\/assemit.com.br\/novo\/index.php?rest_route=%2Fwp%2Fv2%2Ftags&post=114"}],"curies":[{"name":"wp","href":"https:\/\/api.w.org\/{rel}","templated":true}]}}