{"id":120,"date":"2014-05-29T14:25:19","date_gmt":"2014-05-29T14:25:19","guid":{"rendered":"http:\/\/novo2017.assemit.com.br\/?p=120"},"modified":"2014-05-29T14:25:19","modified_gmt":"2014-05-29T14:25:19","slug":"assemit-realiza-assembleia-mensal-com-jantar-em-comemoracao-ao-dia-das-maes","status":"publish","type":"post","link":"https:\/\/assemit.com.br\/novo\/?p=120","title":{"rendered":"ASSEMIT realiza Assembleia mensal com jantar em comemora\u00e7\u00e3o ao Dia das M\u00e3es"},"content":{"rendered":"<p>No dia 27 (ter\u00e7a-feira) as 19:30 hs na sala de Reuni\u00f5es do SICOOB Creditapiranga, a ASSEMIT realizou a Assembleia mensal e logo ap\u00f3s se dirigiu ao Bier Haus Dewes para jantar em comemora\u00e7\u00e3o a passagem do Dia das M\u00e3es.<\/p>\n<p>Para iniciar o Presidente Elton Maldaner deu as boas vindas a todos e convidou o Coral S\u00e3o Pedro Can\u00edsio para cantar 3 cantos \u00a0em homenagem as M\u00e3es.<\/p>\n<p>Em seguida, foi entregue as Associados 2 Propostas da Promo\u00e7\u00e3o: Show da Sorte, onde a maioria dos Associados optou pela Proposta onde o premio principal \u00e9 um Veiculo O KM.<\/p>\n<p>Na sequencia o Presidente Elton falou do Curso de Atendimento atrav\u00e9s do SEBRAE, que a ASSEMIT estar\u00e1 realizando em 30 de Junho e 01,02 e 03 de Julho.<\/p>\n<p>Falou tamb\u00e9m sobre os hor\u00e1rios do Comercio para os dias de jogos da Copa que o Brasil joga, ficando decidido que cada empresa combina com seus funcion\u00e1rios e faz seu hor\u00e1rio.<\/p>\n<p>A pr\u00f3xima assembleia ficou marcada para o dia 17 de Junho no mesmo local e hor\u00e1rio.<\/p>\n<p>Nos assuntos gerais, Alexandre Siqueira falou sobre o Dia do Desafio que ser\u00e1 realizado mundialmente no dia 28 (4\u00aa feira) e destacou os principais pontos das atividades f\u00edsicas, convidando todos os Empres\u00e1rios e Funcion\u00e1rios para participar.<\/p>\n<p>O Coordenador do N\u00facleo dos Contadores, Clemente Schnorrenberger, falou sobre a A\u00e7\u00e3o que o N\u00facleo estar\u00e1 realizando, o Projeto Inf\u00e2ncia Saud\u00e1vel, que ser\u00e1 realizada na Escola Municipal Peperi- Gua\u00e7u de Linha Aparecida.<\/p>\n<p>A Consultora Raquel falou sobre o encontro que ser\u00e1 realizado com o N\u00facleo das Mulheres, para a elabora\u00e7\u00e3o do Planejamento de 2014.<\/p>\n<p>Falou tamb\u00e9m sobre a ultima aplica\u00e7\u00e3o da Vacina contra H1N1, que ser\u00e1 realizada no dia 29 de Junho.<\/p>\n<p>Marino Spies convidou todos para participar do Jantar beneficente que o Lions Clube estar\u00e1 realizando no dia 31 de Junho e o valor ser\u00e1 destinado a compra de Cadeiras de Rodas para as pessoas que necessitam.<\/p>\n<p>Sem mais nada a tratar o Presidente Elton, encerrou a Assembleia e convidou todos para se dirigir ao Restaurante para o jantar.<\/p>\n<div><img loading=\"lazy\" decoding=\"async\" class=\" size-full wp-image-119\" src=\"http:\/\/novo2017.assemit.com.br\/wp-content\/uploads\/2014\/05\/111.jpg\" border=\"0\" width=\"700\" height=\"440\" srcset=\"https:\/\/assemit.com.br\/novo\/wp-content\/uploads\/2014\/05\/111.jpg 700w, https:\/\/assemit.com.br\/novo\/wp-content\/uploads\/2014\/05\/111-300x189.jpg 300w, https:\/\/assemit.com.br\/novo\/wp-content\/uploads\/2014\/05\/111-619x389.jpg 619w\" sizes=\"auto, (max-width: 700px) 100vw, 700px\" \/><\/div>\n","protected":false},"excerpt":{"rendered":"<p>No dia 27 (ter\u00e7a-feira) as 19:30 hs na sala de Reuni\u00f5es do SICOOB Creditapiranga, a ASSEMIT realizou a Assembleia mensal e logo ap\u00f3s se dirigiu ao Bier Haus Dewes para jantar em comemora\u00e7\u00e3o a passagem do Dia das M\u00e3es. Para [&hellip;]<\/p>\n","protected":false},"author":1,"featured_media":119,"comment_status":"open","ping_status":"open","sticky":false,"template":"","format":"standard","meta":{"ngg_post_thumbnail":0,"footnotes":""},"categories":[6],"tags":[],"class_list":["post-120","post","type-post","status-publish","format-standard","has-post-thumbnail","hentry","category-novidades"],"_links":{"self":[{"href":"https:\/\/assemit.com.br\/novo\/index.php?rest_route=\/wp\/v2\/posts\/120","targetHints":{"allow":["GET"]}}],"collection":[{"href":"https:\/\/assemit.com.br\/novo\/index.php?rest_route=\/wp\/v2\/posts"}],"about":[{"href":"https:\/\/assemit.com.br\/novo\/index.php?rest_route=\/wp\/v2\/types\/post"}],"author":[{"embeddable":true,"href":"https:\/\/assemit.com.br\/novo\/index.php?rest_route=\/wp\/v2\/users\/1"}],"replies":[{"embeddable":true,"href":"https:\/\/assemit.com.br\/novo\/index.php?rest_route=%2Fwp%2Fv2%2Fcomments&post=120"}],"version-history":[{"count":0,"href":"https:\/\/assemit.com.br\/novo\/index.php?rest_route=\/wp\/v2\/posts\/120\/revisions"}],"wp:featuredmedia":[{"embeddable":true,"href":"https:\/\/assemit.com.br\/novo\/index.php?rest_route=\/wp\/v2\/media\/119"}],"wp:attachment":[{"href":"https:\/\/assemit.com.br\/novo\/index.php?rest_route=%2Fwp%2Fv2%2Fmedia&parent=120"}],"wp:term":[{"taxonomy":"category","embeddable":true,"href":"https:\/\/assemit.com.br\/novo\/index.php?rest_route=%2Fwp%2Fv2%2Fcategories&post=120"},{"taxonomy":"post_tag","embeddable":true,"href":"https:\/\/assemit.com.br\/novo\/index.php?rest_route=%2Fwp%2Fv2%2Ftags&post=120"}],"curies":[{"name":"wp","href":"https:\/\/api.w.org\/{rel}","templated":true}]}}