{"id":122,"date":"2014-05-23T14:57:50","date_gmt":"2014-05-23T14:57:50","guid":{"rendered":"http:\/\/novo2017.assemit.com.br\/?p=122"},"modified":"2014-05-23T14:57:50","modified_gmt":"2014-05-23T14:57:50","slug":"programa-de-expansao-do-jovens-empreendedores-iniciou-dia-2205","status":"publish","type":"post","link":"https:\/\/assemit.com.br\/novo\/?p=122","title":{"rendered":"Programa de Expans\u00e3o do Jovens Empreendedores iniciou dia 22\/05"},"content":{"rendered":"<p><span style=\"white-space: pre;\"> <\/span>Na \u00faltima quinta-feira (22), aconteceu o Programa de Expans\u00e3o do N\u00facleo do Jovem Empreendedor Itapiranguense, com intuito e aumentar o numero de nucleados, desenvolver novos projetos e fortalecer o grupo.<\/p>\n<p><span style=\"white-space: pre;\"> <\/span>Durante a noite foram apresentados os projetos e atividades que s\u00e3o desenvolvidos, apresenta\u00e7\u00e3o da empresa de um nucleado e realizado din\u00e2mica<\/p>\n<p><span style=\"white-space: pre;\"> <\/span>A miss\u00e3o do\u00a0N\u00facleo do Jovem Empreendedor Itapiranguense \u00e9 representar e defender a classe empresarial jovem, estimular a competitividade e o empreendedorismo, contribuindo para o desenvolvimento de lideran\u00e7as.<\/p>\n<p><img loading=\"lazy\" decoding=\"async\" class=\" size-full wp-image-121\" src=\"http:\/\/novo2017.assemit.com.br\/wp-content\/uploads\/2014\/05\/site.jpg\" border=\"0\" width=\"700\" height=\"440\" srcset=\"https:\/\/assemit.com.br\/novo\/wp-content\/uploads\/2014\/05\/site.jpg 700w, https:\/\/assemit.com.br\/novo\/wp-content\/uploads\/2014\/05\/site-300x189.jpg 300w, https:\/\/assemit.com.br\/novo\/wp-content\/uploads\/2014\/05\/site-619x389.jpg 619w\" sizes=\"auto, (max-width: 700px) 100vw, 700px\" \/><\/p>\n","protected":false},"excerpt":{"rendered":"<p>Na \u00faltima quinta-feira (22), aconteceu o Programa de Expans\u00e3o do N\u00facleo do Jovem Empreendedor Itapiranguense, com intuito e aumentar o numero de nucleados, desenvolver novos projetos e fortalecer o grupo. Durante a noite foram apresentados os projetos e atividades que [&hellip;]<\/p>\n","protected":false},"author":1,"featured_media":121,"comment_status":"open","ping_status":"open","sticky":false,"template":"","format":"standard","meta":{"ngg_post_thumbnail":0,"footnotes":""},"categories":[6],"tags":[],"class_list":["post-122","post","type-post","status-publish","format-standard","has-post-thumbnail","hentry","category-novidades"],"_links":{"self":[{"href":"https:\/\/assemit.com.br\/novo\/index.php?rest_route=\/wp\/v2\/posts\/122","targetHints":{"allow":["GET"]}}],"collection":[{"href":"https:\/\/assemit.com.br\/novo\/index.php?rest_route=\/wp\/v2\/posts"}],"about":[{"href":"https:\/\/assemit.com.br\/novo\/index.php?rest_route=\/wp\/v2\/types\/post"}],"author":[{"embeddable":true,"href":"https:\/\/assemit.com.br\/novo\/index.php?rest_route=\/wp\/v2\/users\/1"}],"replies":[{"embeddable":true,"href":"https:\/\/assemit.com.br\/novo\/index.php?rest_route=%2Fwp%2Fv2%2Fcomments&post=122"}],"version-history":[{"count":0,"href":"https:\/\/assemit.com.br\/novo\/index.php?rest_route=\/wp\/v2\/posts\/122\/revisions"}],"wp:featuredmedia":[{"embeddable":true,"href":"https:\/\/assemit.com.br\/novo\/index.php?rest_route=\/wp\/v2\/media\/121"}],"wp:attachment":[{"href":"https:\/\/assemit.com.br\/novo\/index.php?rest_route=%2Fwp%2Fv2%2Fmedia&parent=122"}],"wp:term":[{"taxonomy":"category","embeddable":true,"href":"https:\/\/assemit.com.br\/novo\/index.php?rest_route=%2Fwp%2Fv2%2Fcategories&post=122"},{"taxonomy":"post_tag","embeddable":true,"href":"https:\/\/assemit.com.br\/novo\/index.php?rest_route=%2Fwp%2Fv2%2Ftags&post=122"}],"curies":[{"name":"wp","href":"https:\/\/api.w.org\/{rel}","templated":true}]}}