{"id":124,"date":"2014-05-21T19:35:04","date_gmt":"2014-05-21T19:35:04","guid":{"rendered":"http:\/\/novo2017.assemit.com.br\/?p=124"},"modified":"2014-05-21T19:35:04","modified_gmt":"2014-05-21T19:35:04","slug":"empretec-e-realizado-com-exito-em-itapiranga","status":"publish","type":"post","link":"https:\/\/assemit.com.br\/novo\/?p=124","title":{"rendered":"EMPRETEC \u00e9 realizado com \u00eaxito em Itapiranga"},"content":{"rendered":"<p class=\"MsoNormal\" style=\"text-align: justify;\"><span style=\"font-family: 'Times New Roman', serif; font-size: small;\"><span style=\"line-height: 18.399999618530273px;\"><span style=\"white-space: pre;\"> <\/span>O Semin\u00e1rio de Empreendedorismo aconteceu nos dias 12 a 17 de maio no audit\u00f3rio da SDR e contou com 14 participantes. O Semin\u00e1rio que \u00e9 referencia no mundo inteiro pelo seu conte\u00fado programado e pela metodologia aplicada foi coordenado pelos Instrutores L\u00edderes do SEBRAE Joacir Ademar Gon\u00e7alves e Jaime Claudino Folle, ambos com longa experi\u00eancia no ramo e conhecidos na regi\u00e3o pelos diversos trabalhos prestados como instrutores e professores. <\/span><\/span><\/p>\n<p class=\"MsoNormal\" style=\"text-align: justify;\"><span style=\"font-family: 'Times New Roman', serif; font-size: small;\"><span style=\"line-height: 18.399999618530273px;\"><span style=\"white-space: pre;\"> <\/span>Durante os seis dias de semin\u00e1rios os participantes tiveram a oportunidade de aprofundar seus conhecimentos atrav\u00e9s dos conte\u00fados abordados com base nas dez caracter\u00edsticas comportamentais dos empreendedores de sucesso, bem como din\u00e2mica de grupos e pr\u00e1ticas viv\u00eancias em grupo e individual. \u00a0Desenvolver um projeto de viabilidade socioecon\u00f4mica de um empreendimento de grande porte e a Empresa Cria, foram alguns dos desafios enfrentados pelos participantes, aonde tiveram a oportunidade de pesquisar, desenvolver, divulgar e comercializar algum tipo de produto e servi\u00e7o e apresentar os resultados, o que serve de base para a aprova\u00e7\u00e3o no Semin\u00e1rio. Este Semin\u00e1rio \u00e9 de imers\u00e3o e exige total dedica\u00e7\u00e3o dos participantes e \u00e9 recomendado para aqueles empreendedores ou futuros empreendedores que queiram e necessitam de um diferencial no mundo dos neg\u00f3cios.<\/span><\/span><\/p>\n<p class=\"MsoNormal\" style=\"text-align: justify;\"><span style=\"font-family: 'Times New Roman', serif; font-size: small;\"><span style=\"line-height: 18.399999618530273px;\">O Empretec \u00e9 realizado em m\u00e9dia a cada tr\u00eas anos em uma mesma cidade de pequeno porte. A ASSEMIT, \u00a0promotora do evento juntamente com o SEBRAE realizador deste semin\u00e1rio e a Prefeitura Municipal atrav\u00e9s do Setor de Ind\u00fastria e Com\u00e9rcio que apoiou o evento, agradecem a todos os participantes, b\u00e9m como a todos que de uma ou outra forma contribu\u00edram para a realiza\u00e7\u00e3o do mesmo.<\/span><\/span><\/p>\n<p class=\"MsoNormal\" style=\"text-align: justify;\"><span style=\"font-family: 'Times New Roman', serif; font-size: small;\"><span style=\"line-height: 18.399999618530273px;\"><span style=\"white-space: pre;\"> <img loading=\"lazy\" decoding=\"async\" class=\" size-full wp-image-123\" src=\"http:\/\/novo2017.assemit.com.br\/wp-content\/uploads\/2014\/05\/aaaa.jpg\" border=\"0\" width=\"600\" height=\"440\" srcset=\"https:\/\/assemit.com.br\/novo\/wp-content\/uploads\/2014\/05\/aaaa.jpg 600w, https:\/\/assemit.com.br\/novo\/wp-content\/uploads\/2014\/05\/aaaa-300x220.jpg 300w\" sizes=\"auto, (max-width: 600px) 100vw, 600px\" \/><\/span><\/span><\/span><\/p>\n","protected":false},"excerpt":{"rendered":"<p>O Semin\u00e1rio de Empreendedorismo aconteceu nos dias 12 a 17 de maio no audit\u00f3rio da SDR e contou com 14 participantes. O Semin\u00e1rio que \u00e9 referencia no mundo inteiro pelo seu conte\u00fado programado e pela metodologia aplicada foi coordenado pelos [&hellip;]<\/p>\n","protected":false},"author":1,"featured_media":123,"comment_status":"open","ping_status":"open","sticky":false,"template":"","format":"standard","meta":{"ngg_post_thumbnail":0,"footnotes":""},"categories":[6],"tags":[],"class_list":["post-124","post","type-post","status-publish","format-standard","has-post-thumbnail","hentry","category-novidades"],"_links":{"self":[{"href":"https:\/\/assemit.com.br\/novo\/index.php?rest_route=\/wp\/v2\/posts\/124","targetHints":{"allow":["GET"]}}],"collection":[{"href":"https:\/\/assemit.com.br\/novo\/index.php?rest_route=\/wp\/v2\/posts"}],"about":[{"href":"https:\/\/assemit.com.br\/novo\/index.php?rest_route=\/wp\/v2\/types\/post"}],"author":[{"embeddable":true,"href":"https:\/\/assemit.com.br\/novo\/index.php?rest_route=\/wp\/v2\/users\/1"}],"replies":[{"embeddable":true,"href":"https:\/\/assemit.com.br\/novo\/index.php?rest_route=%2Fwp%2Fv2%2Fcomments&post=124"}],"version-history":[{"count":0,"href":"https:\/\/assemit.com.br\/novo\/index.php?rest_route=\/wp\/v2\/posts\/124\/revisions"}],"wp:featuredmedia":[{"embeddable":true,"href":"https:\/\/assemit.com.br\/novo\/index.php?rest_route=\/wp\/v2\/media\/123"}],"wp:attachment":[{"href":"https:\/\/assemit.com.br\/novo\/index.php?rest_route=%2Fwp%2Fv2%2Fmedia&parent=124"}],"wp:term":[{"taxonomy":"category","embeddable":true,"href":"https:\/\/assemit.com.br\/novo\/index.php?rest_route=%2Fwp%2Fv2%2Fcategories&post=124"},{"taxonomy":"post_tag","embeddable":true,"href":"https:\/\/assemit.com.br\/novo\/index.php?rest_route=%2Fwp%2Fv2%2Ftags&post=124"}],"curies":[{"name":"wp","href":"https:\/\/api.w.org\/{rel}","templated":true}]}}