{"id":130,"date":"2013-07-12T19:14:39","date_gmt":"2013-07-12T19:14:39","guid":{"rendered":"http:\/\/novo2017.assemit.com.br\/?p=130"},"modified":"2013-07-12T19:14:39","modified_gmt":"2013-07-12T19:14:39","slug":"nucleo-de-automecanicas-de-itapiranga","status":"publish","type":"post","link":"https:\/\/assemit.com.br\/novo\/?p=130","title":{"rendered":"N\u00facleo de Automec\u00e2nicas de Itapiranga"},"content":{"rendered":"<p style=\"text-align: justify;\">O n\u00facleo de Automec\u00e2nicas re\u00fane-se periodicamente para debater assuntos de interesse do grupo, promover a\u00e7\u00f5es para as empresas e a comunidade, entre in\u00fameras atividades.<\/p>\n<p style=\"text-align: justify;\">O \u00faltimo encontro do grupo foi em Itapiranga em uma empresa nucleada, a inten\u00e7\u00e3o do n\u00facleo \u00e9 promover a integra\u00e7\u00e3o entre os membros, por isso algumas reuni\u00f5es s\u00e3o realizadas nas empresas e ainda com jantar.<\/p>\n<p style=\"text-align: justify;\">O grupo tem um perfil ativo, sendo que em seu \u00faltimo encontro avaliaram as a\u00e7\u00f5es do n\u00facleo no primeiro semestre e j\u00e1 est\u00e3o programando novas atividades internas para o grupo e de intera\u00e7\u00e3o com a comunidade.<\/p>\n<p style=\"text-align: justify;\"><img loading=\"lazy\" decoding=\"async\" class=\" size-full wp-image-128\" src=\"http:\/\/novo2017.assemit.com.br\/wp-content\/uploads\/2013\/07\/nmec2.jpg\" border=\"0\" width=\"700\" height=\"393\" srcset=\"https:\/\/assemit.com.br\/novo\/wp-content\/uploads\/2013\/07\/nmec2.jpg 700w, https:\/\/assemit.com.br\/novo\/wp-content\/uploads\/2013\/07\/nmec2-300x168.jpg 300w, https:\/\/assemit.com.br\/novo\/wp-content\/uploads\/2013\/07\/nmec2-619x348.jpg 619w\" sizes=\"auto, (max-width: 700px) 100vw, 700px\" \/><img loading=\"lazy\" decoding=\"async\" class=\" size-full wp-image-129\" src=\"http:\/\/novo2017.assemit.com.br\/wp-content\/uploads\/2013\/07\/nmec.jpg\" border=\"0\" width=\"700\" height=\"393\" srcset=\"https:\/\/assemit.com.br\/novo\/wp-content\/uploads\/2013\/07\/nmec.jpg 700w, https:\/\/assemit.com.br\/novo\/wp-content\/uploads\/2013\/07\/nmec-300x168.jpg 300w, https:\/\/assemit.com.br\/novo\/wp-content\/uploads\/2013\/07\/nmec-619x348.jpg 619w\" sizes=\"auto, (max-width: 700px) 100vw, 700px\" \/><\/p>\n","protected":false},"excerpt":{"rendered":"<p>O n\u00facleo de Automec\u00e2nicas re\u00fane-se periodicamente para debater assuntos de interesse do grupo, promover a\u00e7\u00f5es para as empresas e a comunidade, entre in\u00fameras atividades. O \u00faltimo encontro do grupo foi em Itapiranga em uma empresa nucleada, a inten\u00e7\u00e3o do n\u00facleo [&hellip;]<\/p>\n","protected":false},"author":1,"featured_media":128,"comment_status":"open","ping_status":"open","sticky":false,"template":"","format":"standard","meta":{"ngg_post_thumbnail":0,"footnotes":""},"categories":[6],"tags":[],"class_list":["post-130","post","type-post","status-publish","format-standard","has-post-thumbnail","hentry","category-novidades"],"_links":{"self":[{"href":"https:\/\/assemit.com.br\/novo\/index.php?rest_route=\/wp\/v2\/posts\/130","targetHints":{"allow":["GET"]}}],"collection":[{"href":"https:\/\/assemit.com.br\/novo\/index.php?rest_route=\/wp\/v2\/posts"}],"about":[{"href":"https:\/\/assemit.com.br\/novo\/index.php?rest_route=\/wp\/v2\/types\/post"}],"author":[{"embeddable":true,"href":"https:\/\/assemit.com.br\/novo\/index.php?rest_route=\/wp\/v2\/users\/1"}],"replies":[{"embeddable":true,"href":"https:\/\/assemit.com.br\/novo\/index.php?rest_route=%2Fwp%2Fv2%2Fcomments&post=130"}],"version-history":[{"count":0,"href":"https:\/\/assemit.com.br\/novo\/index.php?rest_route=\/wp\/v2\/posts\/130\/revisions"}],"wp:featuredmedia":[{"embeddable":true,"href":"https:\/\/assemit.com.br\/novo\/index.php?rest_route=\/wp\/v2\/media\/128"}],"wp:attachment":[{"href":"https:\/\/assemit.com.br\/novo\/index.php?rest_route=%2Fwp%2Fv2%2Fmedia&parent=130"}],"wp:term":[{"taxonomy":"category","embeddable":true,"href":"https:\/\/assemit.com.br\/novo\/index.php?rest_route=%2Fwp%2Fv2%2Fcategories&post=130"},{"taxonomy":"post_tag","embeddable":true,"href":"https:\/\/assemit.com.br\/novo\/index.php?rest_route=%2Fwp%2Fv2%2Ftags&post=130"}],"curies":[{"name":"wp","href":"https:\/\/api.w.org\/{rel}","templated":true}]}}