{"id":134,"date":"2014-05-08T16:58:16","date_gmt":"2014-05-08T16:58:16","guid":{"rendered":"http:\/\/novo2017.assemit.com.br\/?p=134"},"modified":"2014-05-08T16:58:16","modified_gmt":"2014-05-08T16:58:16","slug":"assemit-formaliza-a-criacao-do-nucleo-de-mulheres","status":"publish","type":"post","link":"https:\/\/assemit.com.br\/novo\/?p=134","title":{"rendered":"ASSEMIT formaliza a cria\u00e7\u00e3o do N\u00facleo de Mulheres"},"content":{"rendered":"<p style=\"text-align: justify;\">O evento aconteceu na noite desta quarta-feira (07) e contou com a presen\u00e7a do N\u00facleo de Mulheres Empres\u00e1rias de Maravilha, que apresentou as atividades desenvolvidas, os objetivos e fun\u00e7\u00e3o do n\u00facleo. Ainda estiveram presentes o Vice Presidente da Facisc o Sr. Afonso Niehues, e o Consultor Regional do Empreender o Sr. Olavo Prass que explanaram um pouco sobre a Facisc e o que \u00e9 o Programa Empreender.<\/p>\n<p>Ao final por interesse e aprova\u00e7\u00e3o das mulheres presentes foi oficializado a cria\u00e7\u00e3o do N\u00facleo de Mulheres Empres\u00e1rias ou Empreendedoras, o nome ser\u00e1 definido na pr\u00f3xima reuni\u00e3o quando ser\u00e1 elaborado o planejamento e elei\u00e7\u00e3o da coordena\u00e7\u00e3o.<\/p>\n<p style=\"text-align: justify;\"><img loading=\"lazy\" decoding=\"async\" class=\" size-full wp-image-133\" src=\"http:\/\/novo2017.assemit.com.br\/wp-content\/uploads\/2014\/05\/nme.jpg\" border=\"0\" width=\"675\" height=\"450\" srcset=\"https:\/\/assemit.com.br\/novo\/wp-content\/uploads\/2014\/05\/nme.jpg 675w, https:\/\/assemit.com.br\/novo\/wp-content\/uploads\/2014\/05\/nme-300x200.jpg 300w, https:\/\/assemit.com.br\/novo\/wp-content\/uploads\/2014\/05\/nme-619x413.jpg 619w\" sizes=\"auto, (max-width: 675px) 100vw, 675px\" \/><\/p>\n","protected":false},"excerpt":{"rendered":"<p>O evento aconteceu na noite desta quarta-feira (07) e contou com a presen\u00e7a do N\u00facleo de Mulheres Empres\u00e1rias de Maravilha, que apresentou as atividades desenvolvidas, os objetivos e fun\u00e7\u00e3o do n\u00facleo. Ainda estiveram presentes o Vice Presidente da Facisc o [&hellip;]<\/p>\n","protected":false},"author":1,"featured_media":133,"comment_status":"open","ping_status":"open","sticky":false,"template":"","format":"standard","meta":{"ngg_post_thumbnail":0,"footnotes":""},"categories":[6],"tags":[],"class_list":["post-134","post","type-post","status-publish","format-standard","has-post-thumbnail","hentry","category-novidades"],"_links":{"self":[{"href":"https:\/\/assemit.com.br\/novo\/index.php?rest_route=\/wp\/v2\/posts\/134","targetHints":{"allow":["GET"]}}],"collection":[{"href":"https:\/\/assemit.com.br\/novo\/index.php?rest_route=\/wp\/v2\/posts"}],"about":[{"href":"https:\/\/assemit.com.br\/novo\/index.php?rest_route=\/wp\/v2\/types\/post"}],"author":[{"embeddable":true,"href":"https:\/\/assemit.com.br\/novo\/index.php?rest_route=\/wp\/v2\/users\/1"}],"replies":[{"embeddable":true,"href":"https:\/\/assemit.com.br\/novo\/index.php?rest_route=%2Fwp%2Fv2%2Fcomments&post=134"}],"version-history":[{"count":0,"href":"https:\/\/assemit.com.br\/novo\/index.php?rest_route=\/wp\/v2\/posts\/134\/revisions"}],"wp:featuredmedia":[{"embeddable":true,"href":"https:\/\/assemit.com.br\/novo\/index.php?rest_route=\/wp\/v2\/media\/133"}],"wp:attachment":[{"href":"https:\/\/assemit.com.br\/novo\/index.php?rest_route=%2Fwp%2Fv2%2Fmedia&parent=134"}],"wp:term":[{"taxonomy":"category","embeddable":true,"href":"https:\/\/assemit.com.br\/novo\/index.php?rest_route=%2Fwp%2Fv2%2Fcategories&post=134"},{"taxonomy":"post_tag","embeddable":true,"href":"https:\/\/assemit.com.br\/novo\/index.php?rest_route=%2Fwp%2Fv2%2Ftags&post=134"}],"curies":[{"name":"wp","href":"https:\/\/api.w.org\/{rel}","templated":true}]}}