{"id":136,"date":"2014-04-28T15:59:13","date_gmt":"2014-04-28T15:59:13","guid":{"rendered":"http:\/\/novo2017.assemit.com.br\/?p=136"},"modified":"2014-04-28T15:59:13","modified_gmt":"2014-04-28T15:59:13","slug":"assemit-realiza-evento-para-mulheres-com-criacao-do-nucleo-da-mulher-empresaria","status":"publish","type":"post","link":"https:\/\/assemit.com.br\/novo\/?p=136","title":{"rendered":"Assemit realiza evento para mulheres com cria\u00e7\u00e3o do N\u00facleo da Mulher Empres\u00e1ria"},"content":{"rendered":"<p style=\"text-align: justify;\">Na \u00faltima quarta-feira (23), aconteceu o evento: Os Desafios da Mulher Moderna, que trouxe 3 Palestrantes explanando sobre a Sa\u00fade da Mulher. Para dar in\u00edcio o presidente da Assemit Elton Maldaner, o Sr. Olavo Prass\u00a0 &#8211; Consultor Regional do Empreender e\u00a0 a Consultora dos N\u00facleos da Assemit Raquel La\u00eds, explicaram sobre a Cria\u00e7\u00e3o do N\u00facleo da Mulher Empres\u00e1ria em Itapiranga.<\/p>\n<p>Iniciando as palestras, a Psic\u00f3loga e Coach Marciele Pivatto palestrou sobre a Sa\u00fade Emocional e o comportamento perante as situa\u00e7\u00f5es do dia a dia. Em seguida, a Enfermeira Clair Heinen dialogou com as mulheres sobre os cuidados que devem ter e comentou\u00a0 sobre os \u00edndices de Itapiranga referente da sa\u00fade feminina.<\/p>\n<p>Encerrando a noite, a Fisioterapeuta Regina Werlang falou sobre a Sa\u00fade F\u00edsica e ensinou alguns exerc\u00edcios, tornando a noite mais divertida ainda. Ap\u00f3s esse maravilhoso evento, as mulheres tiveram um momento de descontra\u00e7\u00e3o e integra\u00e7\u00e3o e um delicioso coffebreak. O pr\u00f3ximo evento est\u00e1 marcado para dia 07 de Maio de 2014, com local e hor\u00e1rio a ser definido.<\/p>\n<p style=\"text-align: justify;\"><img loading=\"lazy\" decoding=\"async\" class=\" size-full wp-image-135\" src=\"http:\/\/novo2017.assemit.com.br\/wp-content\/uploads\/2014\/04\/mulher.jpg\" border=\"0\" width=\"525\" height=\"350\" srcset=\"https:\/\/assemit.com.br\/novo\/wp-content\/uploads\/2014\/04\/mulher.jpg 525w, https:\/\/assemit.com.br\/novo\/wp-content\/uploads\/2014\/04\/mulher-300x200.jpg 300w\" sizes=\"auto, (max-width: 525px) 100vw, 525px\" \/><\/p>\n","protected":false},"excerpt":{"rendered":"<p>Na \u00faltima quarta-feira (23), aconteceu o evento: Os Desafios da Mulher Moderna, que trouxe 3 Palestrantes explanando sobre a Sa\u00fade da Mulher. Para dar in\u00edcio o presidente da Assemit Elton Maldaner, o Sr. Olavo Prass\u00a0 &#8211; Consultor Regional do Empreender [&hellip;]<\/p>\n","protected":false},"author":1,"featured_media":135,"comment_status":"open","ping_status":"open","sticky":false,"template":"","format":"standard","meta":{"ngg_post_thumbnail":0,"footnotes":""},"categories":[6],"tags":[],"class_list":["post-136","post","type-post","status-publish","format-standard","has-post-thumbnail","hentry","category-novidades"],"_links":{"self":[{"href":"https:\/\/assemit.com.br\/novo\/index.php?rest_route=\/wp\/v2\/posts\/136","targetHints":{"allow":["GET"]}}],"collection":[{"href":"https:\/\/assemit.com.br\/novo\/index.php?rest_route=\/wp\/v2\/posts"}],"about":[{"href":"https:\/\/assemit.com.br\/novo\/index.php?rest_route=\/wp\/v2\/types\/post"}],"author":[{"embeddable":true,"href":"https:\/\/assemit.com.br\/novo\/index.php?rest_route=\/wp\/v2\/users\/1"}],"replies":[{"embeddable":true,"href":"https:\/\/assemit.com.br\/novo\/index.php?rest_route=%2Fwp%2Fv2%2Fcomments&post=136"}],"version-history":[{"count":0,"href":"https:\/\/assemit.com.br\/novo\/index.php?rest_route=\/wp\/v2\/posts\/136\/revisions"}],"wp:featuredmedia":[{"embeddable":true,"href":"https:\/\/assemit.com.br\/novo\/index.php?rest_route=\/wp\/v2\/media\/135"}],"wp:attachment":[{"href":"https:\/\/assemit.com.br\/novo\/index.php?rest_route=%2Fwp%2Fv2%2Fmedia&parent=136"}],"wp:term":[{"taxonomy":"category","embeddable":true,"href":"https:\/\/assemit.com.br\/novo\/index.php?rest_route=%2Fwp%2Fv2%2Fcategories&post=136"},{"taxonomy":"post_tag","embeddable":true,"href":"https:\/\/assemit.com.br\/novo\/index.php?rest_route=%2Fwp%2Fv2%2Ftags&post=136"}],"curies":[{"name":"wp","href":"https:\/\/api.w.org\/{rel}","templated":true}]}}