{"id":138,"date":"2014-03-28T16:03:23","date_gmt":"2014-03-28T16:03:23","guid":{"rendered":"http:\/\/novo2017.assemit.com.br\/?p=138"},"modified":"2014-03-28T16:03:23","modified_gmt":"2014-03-28T16:03:23","slug":"nucleo-do-jovem-empreendedor-itapiranguense-realiza-com-sucesso-o-1o-forum-do-empreendedor","status":"publish","type":"post","link":"https:\/\/assemit.com.br\/novo\/?p=138","title":{"rendered":"N\u00facleo do Jovem Empreendedor Itapiranguense realiza 1\u00ba. F\u00f3rum do Empreendedor"},"content":{"rendered":"<p style=\"text-align: justify;\">O evento aconteceu na \u00faltima quinta-feira 27, na Sociedade Imigrantes e contou com o Lan\u00e7amento do Livro O QUE EU FARIA e com os cases dos empres\u00e1rios Volmir Meotti, Diretor da empresa Dip\u00e3es e de Ant\u00f4nio Rebelatto, s\u00f3cio Idealizador do Shopping P\u00e1tio de Chapec\u00f3 e palestra com o Diretor T\u00e9cnico do SEBRAE SC, Anacleto Ortigara que abordou o tema Desafios do Empreendedorismo.<\/p>\n<p style=\"text-align: justify;\">Aproximadamente 500 pessoas prestigiaram o evento, entre eles, empres\u00e1rios, empreendedores rurais, membros de n\u00facleos de jovens empreendedores da regi\u00e3o e acad\u00eamicos da Fai Faculdades.<\/p>\n<p style=\"text-align: justify;\">O evento que tinha por objetivo sensibilizar e inspirar os participantes foi assistido atentamente do in\u00edcio ao fim pela plateia que pode presenciar o Lan\u00e7amento do livro O QUE EU FARIA, uma obra do CEJESC que relata a trajet\u00f3ria de sucesso de 10 empres\u00e1rios catarinenses que receberam as visitas t\u00e9cnicas de nucleados e s\u00e3o destaques em seu segmento.<\/p>\n<p style=\"text-align: justify;\">Os cases apresentados foram de grande import\u00e2ncia para inspirar novos e jovens empreendedores, mostrando que as dificuldades e os fracassos s\u00e3o meros componentes de uma trajet\u00f3ria de sucesso e que um dos elementos do empreendedor bem sucedido \u00e9 o aperfei\u00e7oamento cont\u00ednuo atrav\u00e9s de estudos, participa\u00e7\u00e3o em eventos corporativos e relacionamento com pessoas conhecedoras do ramo que interessa. Assim como a empresa o empreendedor precisa crescer gradativamente.<\/p>\n<p style=\"text-align: justify;\">A palestra provocou uma profunda reflex\u00e3o e instigou os participantes a desafiarem-se, sendo que o palestrante chamou a aten\u00e7\u00e3o dos participantes enfatizando que empreendedor \u00e9 um sujeito inquieto, \u00e9 aquela pessoa que tem muitas ideias e que sabe organizar tais ideias de maneira que possa torna-las em projetos e estes projetos em empreendimentos. Destacou tamb\u00e9m a import\u00e2ncia do envolvimento das pessoas nas entidades e classes representativas, locais estes onde surgem e vislumbram muitas das oportunidades de neg\u00f3cio.<\/p>\n<p style=\"text-align: justify;\">O N\u00facleo do Jovem Empreendedor Itapiranguense agradece as parcerias e a participa\u00e7\u00e3o de todos, e pretende tornar tradicional e realizar anualmente este evento.<\/p>\n<p style=\"text-align: justify;\"><img loading=\"lazy\" decoding=\"async\" class=\" size-full wp-image-137\" src=\"http:\/\/novo2017.assemit.com.br\/wp-content\/uploads\/2014\/03\/img_4070.jpg\" border=\"0\" width=\"525\" height=\"350\" srcset=\"https:\/\/assemit.com.br\/novo\/wp-content\/uploads\/2014\/03\/img_4070.jpg 525w, https:\/\/assemit.com.br\/novo\/wp-content\/uploads\/2014\/03\/img_4070-300x200.jpg 300w\" sizes=\"auto, (max-width: 525px) 100vw, 525px\" \/><\/p>\n","protected":false},"excerpt":{"rendered":"<p>O evento aconteceu na \u00faltima quinta-feira 27, na Sociedade Imigrantes e contou com o Lan\u00e7amento do Livro O QUE EU FARIA e com os cases dos empres\u00e1rios Volmir Meotti, Diretor da empresa Dip\u00e3es e de Ant\u00f4nio Rebelatto, s\u00f3cio Idealizador do [&hellip;]<\/p>\n","protected":false},"author":1,"featured_media":137,"comment_status":"open","ping_status":"open","sticky":false,"template":"","format":"standard","meta":{"ngg_post_thumbnail":0,"footnotes":""},"categories":[6],"tags":[],"class_list":["post-138","post","type-post","status-publish","format-standard","has-post-thumbnail","hentry","category-novidades"],"_links":{"self":[{"href":"https:\/\/assemit.com.br\/novo\/index.php?rest_route=\/wp\/v2\/posts\/138","targetHints":{"allow":["GET"]}}],"collection":[{"href":"https:\/\/assemit.com.br\/novo\/index.php?rest_route=\/wp\/v2\/posts"}],"about":[{"href":"https:\/\/assemit.com.br\/novo\/index.php?rest_route=\/wp\/v2\/types\/post"}],"author":[{"embeddable":true,"href":"https:\/\/assemit.com.br\/novo\/index.php?rest_route=\/wp\/v2\/users\/1"}],"replies":[{"embeddable":true,"href":"https:\/\/assemit.com.br\/novo\/index.php?rest_route=%2Fwp%2Fv2%2Fcomments&post=138"}],"version-history":[{"count":0,"href":"https:\/\/assemit.com.br\/novo\/index.php?rest_route=\/wp\/v2\/posts\/138\/revisions"}],"wp:featuredmedia":[{"embeddable":true,"href":"https:\/\/assemit.com.br\/novo\/index.php?rest_route=\/wp\/v2\/media\/137"}],"wp:attachment":[{"href":"https:\/\/assemit.com.br\/novo\/index.php?rest_route=%2Fwp%2Fv2%2Fmedia&parent=138"}],"wp:term":[{"taxonomy":"category","embeddable":true,"href":"https:\/\/assemit.com.br\/novo\/index.php?rest_route=%2Fwp%2Fv2%2Fcategories&post=138"},{"taxonomy":"post_tag","embeddable":true,"href":"https:\/\/assemit.com.br\/novo\/index.php?rest_route=%2Fwp%2Fv2%2Ftags&post=138"}],"curies":[{"name":"wp","href":"https:\/\/api.w.org\/{rel}","templated":true}]}}