{"id":142,"date":"2014-03-07T18:13:21","date_gmt":"2014-03-07T18:13:21","guid":{"rendered":"http:\/\/novo2017.assemit.com.br\/?p=142"},"modified":"2014-03-07T18:13:21","modified_gmt":"2014-03-07T18:13:21","slug":"microempreendedores-individuais-de-itapiranga-recebem-oficina-de-planejamento","status":"publish","type":"post","link":"https:\/\/assemit.com.br\/novo\/?p=142","title":{"rendered":"Microempreendedores Individuais de Itapiranga recebem Oficina de Planejamento"},"content":{"rendered":"<p style=\"text-align: justify;\">A capacita\u00e7\u00e3o aconteceu na \u00faltima quinta-feira, 6 de mar\u00e7o no audit\u00f3rio da ASSEMIT e contou com 20 participantes. O evento faz parte do Programa de Capacita\u00e7\u00e3o para os Microempreendedores Individuais que iniciou em novembro do ano passado.\u00a0 O programa que \u00e9 de ideologia da Prefeitura Municipal atrav\u00e9s do setor de Ind\u00fastria e Com\u00e9rcio, conta com a parceria e apoio da ASSEMIT e tem por objetivo esclarecer d\u00favidas al\u00e9m de levar informa\u00e7\u00f5es relevantes com objetivo de fomentar e fortalecer a categoria. Mais cinco oficinas j\u00e1 est\u00e3o agendadas para este ano com temas essenciais para o crescimento dos participantes, todas s\u00e3o ministradas pelo SEBRAE e de forma gratuita para os participantes. Todos os microempreendedores individuais devidamente registrados e regularizados no munic\u00edpio podem participar destas oficinas.<\/p>\n<p style=\"text-align: justify;\">A ASSEMIT quer aproveitar este envolvimento dos MEIs, para nos pr\u00f3ximos meses formalizar o N\u00facleo dos Microempreendedores Individuais, com o objetivo de fortalecer a Associa\u00e7\u00e3o e oportunizar o crescimento para esta categoria atrav\u00e9s dos benef\u00edcios do associativismo. O munic\u00edpio de Itapiranga conta hoje com aproximadamente 350 MEIs, em sua grande maioria s\u00e3o prestadores de servi\u00e7o que atuavam na informalidade e hoje contam com os benef\u00edcios da categoria, o que impulsiona a expandirem de forma gradual e consistente seus neg\u00f3cios, as Oficinas de Capacita\u00e7\u00e3o s\u00e3o ferramentas fundamentais neste processo de fomento desta classe.<\/p>\n<p style=\"text-align: justify;\"><img loading=\"lazy\" decoding=\"async\" class=\" size-full wp-image-141\" src=\"http:\/\/novo2017.assemit.com.br\/wp-content\/uploads\/2014\/03\/meio.jpg\" border=\"0\" width=\"525\" height=\"350\" srcset=\"https:\/\/assemit.com.br\/novo\/wp-content\/uploads\/2014\/03\/meio.jpg 525w, https:\/\/assemit.com.br\/novo\/wp-content\/uploads\/2014\/03\/meio-300x200.jpg 300w\" sizes=\"auto, (max-width: 525px) 100vw, 525px\" \/><\/p>\n","protected":false},"excerpt":{"rendered":"<p>A capacita\u00e7\u00e3o aconteceu na \u00faltima quinta-feira, 6 de mar\u00e7o no audit\u00f3rio da ASSEMIT e contou com 20 participantes. O evento faz parte do Programa de Capacita\u00e7\u00e3o para os Microempreendedores Individuais que iniciou em novembro do ano passado.\u00a0 O programa que [&hellip;]<\/p>\n","protected":false},"author":1,"featured_media":141,"comment_status":"open","ping_status":"open","sticky":false,"template":"","format":"standard","meta":{"ngg_post_thumbnail":0,"footnotes":""},"categories":[6],"tags":[],"class_list":["post-142","post","type-post","status-publish","format-standard","has-post-thumbnail","hentry","category-novidades"],"_links":{"self":[{"href":"https:\/\/assemit.com.br\/novo\/index.php?rest_route=\/wp\/v2\/posts\/142","targetHints":{"allow":["GET"]}}],"collection":[{"href":"https:\/\/assemit.com.br\/novo\/index.php?rest_route=\/wp\/v2\/posts"}],"about":[{"href":"https:\/\/assemit.com.br\/novo\/index.php?rest_route=\/wp\/v2\/types\/post"}],"author":[{"embeddable":true,"href":"https:\/\/assemit.com.br\/novo\/index.php?rest_route=\/wp\/v2\/users\/1"}],"replies":[{"embeddable":true,"href":"https:\/\/assemit.com.br\/novo\/index.php?rest_route=%2Fwp%2Fv2%2Fcomments&post=142"}],"version-history":[{"count":0,"href":"https:\/\/assemit.com.br\/novo\/index.php?rest_route=\/wp\/v2\/posts\/142\/revisions"}],"wp:featuredmedia":[{"embeddable":true,"href":"https:\/\/assemit.com.br\/novo\/index.php?rest_route=\/wp\/v2\/media\/141"}],"wp:attachment":[{"href":"https:\/\/assemit.com.br\/novo\/index.php?rest_route=%2Fwp%2Fv2%2Fmedia&parent=142"}],"wp:term":[{"taxonomy":"category","embeddable":true,"href":"https:\/\/assemit.com.br\/novo\/index.php?rest_route=%2Fwp%2Fv2%2Fcategories&post=142"},{"taxonomy":"post_tag","embeddable":true,"href":"https:\/\/assemit.com.br\/novo\/index.php?rest_route=%2Fwp%2Fv2%2Ftags&post=142"}],"curies":[{"name":"wp","href":"https:\/\/api.w.org\/{rel}","templated":true}]}}