{"id":143,"date":"2014-03-07T18:09:51","date_gmt":"2014-03-07T18:09:51","guid":{"rendered":"http:\/\/novo2017.assemit.com.br\/?p=143"},"modified":"2014-03-07T18:09:51","modified_gmt":"2014-03-07T18:09:51","slug":"formalizado-nucleo-de-contadores-da-assemit","status":"publish","type":"post","link":"https:\/\/assemit.com.br\/novo\/?p=143","title":{"rendered":"Formalizado N\u00facleo de Contadores da ASSEMIT"},"content":{"rendered":"<p style=\"text-align: justify;\">No dia 28\/02 reuniram-se na ASSEMIT os Escrit\u00f3rios de Contabilidade do munic\u00edpio com a finalidade de formalizar a cria\u00e7\u00e3o do N\u00facleo de Contadores.Durante a reuni\u00e3o j\u00e1 forem eleitos o Coordenador: Clemente Schnorrenberg representando o Esc. Oeste, Tesoureiro: R\u00e9gis Berwanger representando o Esc. do Roberto e Secretaria: Carmem Zilles representando o Esc. EMAC. O grupo pretende atuar primeiramente trazendo treinamentos para os setor atrav\u00e9s do Sindicont.<\/p>\n","protected":false},"excerpt":{"rendered":"<p>No dia 28\/02 reuniram-se na ASSEMIT os Escrit\u00f3rios de Contabilidade do munic\u00edpio com a finalidade de formalizar a cria\u00e7\u00e3o do N\u00facleo de Contadores.Durante a reuni\u00e3o j\u00e1 forem eleitos o Coordenador: Clemente Schnorrenberg representando o Esc. Oeste, Tesoureiro: R\u00e9gis Berwanger representando [&hellip;]<\/p>\n","protected":false},"author":1,"featured_media":0,"comment_status":"open","ping_status":"open","sticky":false,"template":"","format":"standard","meta":{"ngg_post_thumbnail":0,"footnotes":""},"categories":[6],"tags":[],"class_list":["post-143","post","type-post","status-publish","format-standard","hentry","category-novidades"],"_links":{"self":[{"href":"https:\/\/assemit.com.br\/novo\/index.php?rest_route=\/wp\/v2\/posts\/143","targetHints":{"allow":["GET"]}}],"collection":[{"href":"https:\/\/assemit.com.br\/novo\/index.php?rest_route=\/wp\/v2\/posts"}],"about":[{"href":"https:\/\/assemit.com.br\/novo\/index.php?rest_route=\/wp\/v2\/types\/post"}],"author":[{"embeddable":true,"href":"https:\/\/assemit.com.br\/novo\/index.php?rest_route=\/wp\/v2\/users\/1"}],"replies":[{"embeddable":true,"href":"https:\/\/assemit.com.br\/novo\/index.php?rest_route=%2Fwp%2Fv2%2Fcomments&post=143"}],"version-history":[{"count":0,"href":"https:\/\/assemit.com.br\/novo\/index.php?rest_route=\/wp\/v2\/posts\/143\/revisions"}],"wp:attachment":[{"href":"https:\/\/assemit.com.br\/novo\/index.php?rest_route=%2Fwp%2Fv2%2Fmedia&parent=143"}],"wp:term":[{"taxonomy":"category","embeddable":true,"href":"https:\/\/assemit.com.br\/novo\/index.php?rest_route=%2Fwp%2Fv2%2Fcategories&post=143"},{"taxonomy":"post_tag","embeddable":true,"href":"https:\/\/assemit.com.br\/novo\/index.php?rest_route=%2Fwp%2Fv2%2Ftags&post=143"}],"curies":[{"name":"wp","href":"https:\/\/api.w.org\/{rel}","templated":true}]}}