{"id":1443,"date":"2017-08-24T09:19:20","date_gmt":"2017-08-24T12:19:20","guid":{"rendered":"http:\/\/www.assemit.com.br\/novo2017\/?p=1443"},"modified":"2017-08-25T13:14:39","modified_gmt":"2017-08-25T16:14:39","slug":"solucoes-empresariais-protesto-expresso","status":"publish","type":"post","link":"https:\/\/assemit.com.br\/novo\/?p=1443","title":{"rendered":"[SOLU\u00c7\u00d5ES EMPRESARIAIS &#8211; PROTESTO EXPRESSO]"},"content":{"rendered":"<p><a href=\"http:\/\/www.assemit.com.br\/novo2017\/wp-content\/uploads\/2017\/08\/15.jpg\"><img loading=\"lazy\" decoding=\"async\" class=\"alignnone size-full wp-image-1445\" src=\"http:\/\/www.assemit.com.br\/novo2017\/wp-content\/uploads\/2017\/08\/15.jpg\" alt=\"\" width=\"1920\" height=\"1280\" srcset=\"https:\/\/assemit.com.br\/novo\/wp-content\/uploads\/2017\/08\/15.jpg 1920w, https:\/\/assemit.com.br\/novo\/wp-content\/uploads\/2017\/08\/15-300x200.jpg 300w, https:\/\/assemit.com.br\/novo\/wp-content\/uploads\/2017\/08\/15-768x512.jpg 768w, https:\/\/assemit.com.br\/novo\/wp-content\/uploads\/2017\/08\/15-1024x683.jpg 1024w, https:\/\/assemit.com.br\/novo\/wp-content\/uploads\/2017\/08\/15-619x413.jpg 619w\" sizes=\"auto, (max-width: 1920px) 100vw, 1920px\" \/><\/a> Com o intuito de auxiliar as atividades das empresas, a ASSEMIT realizou na noite de ontem (23\/08), mais uma edi\u00e7\u00e3o do Workshop sobre Protesto Expresso e T\u00edtulos de Cr\u00e9ditos com a Tabeli\u00e3 Ta\u00eds Sauer. A tabeli\u00e3 explicou sobre o funcionamento do protesto, os principais t\u00edtulos de cr\u00e9dito e seus conceitos, as informa\u00e7\u00f5es necess\u00e1rias e as responsabilidades do informante. O Protesto Expresso \u00e9 um servi\u00e7o online que veio para facilitar o dia a dia dos empres\u00e1rios, com economia, rapidez e facilidade.<\/p>\n<p><a href=\"http:\/\/www.assemit.com.br\/novo2017\/wp-content\/uploads\/2017\/08\/14.jpg\"><img loading=\"lazy\" decoding=\"async\" class=\"alignnone wp-image-1444 size-thumbnail\" src=\"http:\/\/www.assemit.com.br\/novo2017\/wp-content\/uploads\/2017\/08\/14-150x150.jpg\" alt=\"\" width=\"150\" height=\"150\"><\/a><a href=\"http:\/\/www.assemit.com.br\/novo2017\/wp-content\/uploads\/2017\/08\/16.jpg\"><img loading=\"lazy\" decoding=\"async\" class=\"alignnone wp-image-1446 size-thumbnail\" src=\"http:\/\/www.assemit.com.br\/novo2017\/wp-content\/uploads\/2017\/08\/16-150x150.jpg\" alt=\"\" width=\"150\" height=\"150\"><\/a><\/p>\n","protected":false},"excerpt":{"rendered":"<p>Com o intuito de auxiliar as atividades das empresas, a ASSEMIT realizou na noite de ontem (23\/08), mais uma edi\u00e7\u00e3o do Workshop sobre Protesto Expresso e T\u00edtulos de Cr\u00e9ditos com a Tabeli\u00e3 Ta\u00eds Sauer. A tabeli\u00e3 explicou sobre o funcionamento [&hellip;]<\/p>\n","protected":false},"author":1,"featured_media":0,"comment_status":"closed","ping_status":"closed","sticky":false,"template":"","format":"standard","meta":{"ngg_post_thumbnail":0,"footnotes":""},"categories":[6],"tags":[],"class_list":["post-1443","post","type-post","status-publish","format-standard","hentry","category-novidades"],"_links":{"self":[{"href":"https:\/\/assemit.com.br\/novo\/index.php?rest_route=\/wp\/v2\/posts\/1443","targetHints":{"allow":["GET"]}}],"collection":[{"href":"https:\/\/assemit.com.br\/novo\/index.php?rest_route=\/wp\/v2\/posts"}],"about":[{"href":"https:\/\/assemit.com.br\/novo\/index.php?rest_route=\/wp\/v2\/types\/post"}],"author":[{"embeddable":true,"href":"https:\/\/assemit.com.br\/novo\/index.php?rest_route=\/wp\/v2\/users\/1"}],"replies":[{"embeddable":true,"href":"https:\/\/assemit.com.br\/novo\/index.php?rest_route=%2Fwp%2Fv2%2Fcomments&post=1443"}],"version-history":[{"count":2,"href":"https:\/\/assemit.com.br\/novo\/index.php?rest_route=\/wp\/v2\/posts\/1443\/revisions"}],"predecessor-version":[{"id":1448,"href":"https:\/\/assemit.com.br\/novo\/index.php?rest_route=\/wp\/v2\/posts\/1443\/revisions\/1448"}],"wp:attachment":[{"href":"https:\/\/assemit.com.br\/novo\/index.php?rest_route=%2Fwp%2Fv2%2Fmedia&parent=1443"}],"wp:term":[{"taxonomy":"category","embeddable":true,"href":"https:\/\/assemit.com.br\/novo\/index.php?rest_route=%2Fwp%2Fv2%2Fcategories&post=1443"},{"taxonomy":"post_tag","embeddable":true,"href":"https:\/\/assemit.com.br\/novo\/index.php?rest_route=%2Fwp%2Fv2%2Ftags&post=1443"}],"curies":[{"name":"wp","href":"https:\/\/api.w.org\/{rel}","templated":true}]}}