{"id":153,"date":"2013-12-02T13:04:20","date_gmt":"2013-12-02T13:04:20","guid":{"rendered":"http:\/\/novo2017.assemit.com.br\/?p=153"},"modified":"2013-12-02T13:04:20","modified_gmt":"2013-12-02T13:04:20","slug":"nucleo-de-automecanicas-realiza-acao-social","status":"publish","type":"post","link":"https:\/\/assemit.com.br\/novo\/?p=153","title":{"rendered":"N\u00facleo de Automec\u00e2nicas realiza a\u00e7\u00e3o social"},"content":{"rendered":"<p style=\"text-align: justify;\">O N\u00facleo de Automec\u00e2nicas realizou A\u00e7\u00e3o Social com as APAEs de Itapiranga, Tun\u00e1polis\/Santa Helena, Ipor\u00e3 do Oeste e S\u00e3o Jo\u00e3o do Oeste. O evento aconteceu na AFCAI em Itapiranga no dia 28 de novembro durante a tarde. Os alunos e professores foram recebidos pelo N\u00facleo e em seguida as APAEs fizeram apresenta\u00e7\u00f5es culturais. Ap\u00f3s, houve a apresenta\u00e7\u00e3o do N\u00facleo com m\u00fasicas e chegada do Papai Noel, que entregou presentes para todos alunos e professores. No encerramento teve lanche, m\u00fasica e dan\u00e7a. <br \/>O N\u00facleo de Automec\u00e2nicas agradece todos os patrocinadores e apoiadores do evento: Cooper Itapiranga, Cooper A1, Proplace, A\u00e7ougue do Vicente, Casa de Carnes Berwanger, Zeppelin Alimentos, Sherer, Sinuelo, Way Pe\u00e7as, Borracharia do Casemiro, Liquig\u00e1s, Posto Pedrinho, Moto Center, Restaurante Manchini, Sonoriza\u00e7\u00e3o do Mamona e Assemit.<br \/>E um agradecimento em especial pelo empenho para realizar o evento \u00e0s empresas nucleadas. O N\u00facleo de Automenc\u00e2nicas \u00e9 regional e tem em sua forma\u00e7\u00e3o as seguintes empresas: Itapiranga &#8211; Automec\u00e2nica do Pedrinho, Automec\u00e2nica Maricar, Automec\u00e2nica Sirimar, Mec\u00e2nica Ratinho, Oficina do Valdemar, JK Pneus. Ipor\u00e3 do Oeste &#8211; Mec\u00e2nica Thesing, Oficina Mec\u00e2nica do Pubi. S\u00e3o Jo\u00e3o do Oeste &#8211; Mec\u00e2nica Beato Roque, Mec\u00e2nica do Neri Paulo Rasch. Santa Helena &#8211; M\u00eacanica do Toni. Tun\u00e1polis &#8211; Mec\u00e2nica Berlin.<br \/><img loading=\"lazy\" decoding=\"async\" class=\" size-full wp-image-151\" src=\"http:\/\/novo2017.assemit.com.br\/wp-content\/uploads\/2013\/12\/apae%201.jpg\" border=\"0\" width=\"653\" height=\"435\" \/><img loading=\"lazy\" decoding=\"async\" class=\" size-full wp-image-152\" src=\"http:\/\/novo2017.assemit.com.br\/wp-content\/uploads\/2013\/12\/apae%202.jpg\" border=\"0\" width=\"653\" height=\"435\" \/><\/p>\n","protected":false},"excerpt":{"rendered":"<p>O N\u00facleo de Automec\u00e2nicas realizou A\u00e7\u00e3o Social com as APAEs de Itapiranga, Tun\u00e1polis\/Santa Helena, Ipor\u00e3 do Oeste e S\u00e3o Jo\u00e3o do Oeste. O evento aconteceu na AFCAI em Itapiranga no dia 28 de novembro durante a tarde. Os alunos e [&hellip;]<\/p>\n","protected":false},"author":1,"featured_media":151,"comment_status":"open","ping_status":"open","sticky":false,"template":"","format":"standard","meta":{"ngg_post_thumbnail":0,"footnotes":""},"categories":[6],"tags":[],"class_list":["post-153","post","type-post","status-publish","format-standard","has-post-thumbnail","hentry","category-novidades"],"_links":{"self":[{"href":"https:\/\/assemit.com.br\/novo\/index.php?rest_route=\/wp\/v2\/posts\/153","targetHints":{"allow":["GET"]}}],"collection":[{"href":"https:\/\/assemit.com.br\/novo\/index.php?rest_route=\/wp\/v2\/posts"}],"about":[{"href":"https:\/\/assemit.com.br\/novo\/index.php?rest_route=\/wp\/v2\/types\/post"}],"author":[{"embeddable":true,"href":"https:\/\/assemit.com.br\/novo\/index.php?rest_route=\/wp\/v2\/users\/1"}],"replies":[{"embeddable":true,"href":"https:\/\/assemit.com.br\/novo\/index.php?rest_route=%2Fwp%2Fv2%2Fcomments&post=153"}],"version-history":[{"count":0,"href":"https:\/\/assemit.com.br\/novo\/index.php?rest_route=\/wp\/v2\/posts\/153\/revisions"}],"wp:featuredmedia":[{"embeddable":true,"href":"https:\/\/assemit.com.br\/novo\/index.php?rest_route=\/wp\/v2\/media\/151"}],"wp:attachment":[{"href":"https:\/\/assemit.com.br\/novo\/index.php?rest_route=%2Fwp%2Fv2%2Fmedia&parent=153"}],"wp:term":[{"taxonomy":"category","embeddable":true,"href":"https:\/\/assemit.com.br\/novo\/index.php?rest_route=%2Fwp%2Fv2%2Fcategories&post=153"},{"taxonomy":"post_tag","embeddable":true,"href":"https:\/\/assemit.com.br\/novo\/index.php?rest_route=%2Fwp%2Fv2%2Ftags&post=153"}],"curies":[{"name":"wp","href":"https:\/\/api.w.org\/{rel}","templated":true}]}}