{"id":1533,"date":"2017-09-22T20:16:17","date_gmt":"2017-09-22T23:16:17","guid":{"rendered":"http:\/\/www.assemit.com.br\/novo2017\/?p=1533"},"modified":"2017-09-24T20:24:49","modified_gmt":"2017-09-24T23:24:49","slug":"curso-de-credito-e-cobranca","status":"publish","type":"post","link":"https:\/\/assemit.com.br\/novo\/?p=1533","title":{"rendered":"Curso de Cr\u00e9dito e Cobran\u00e7a"},"content":{"rendered":"<p><a href=\"http:\/\/www.assemit.com.br\/novo2017\/wp-content\/uploads\/2017\/09\/21764797_2001820990055574_8190476182266149291_n.jpg\"><\/a><a href=\"http:\/\/www.assemit.com.br\/novo2017\/wp-content\/uploads\/2017\/09\/21618003_2001821310055542_2751553413220808775_n.jpg\"><img loading=\"lazy\" decoding=\"async\" class=\"alignleft wp-image-1536 size-full\" src=\"http:\/\/www.assemit.com.br\/novo2017\/wp-content\/uploads\/2017\/09\/21618003_2001821310055542_2751553413220808775_n.jpg\" alt=\"\" width=\"960\" height=\"640\" srcset=\"https:\/\/assemit.com.br\/novo\/wp-content\/uploads\/2017\/09\/21618003_2001821310055542_2751553413220808775_n.jpg 960w, https:\/\/assemit.com.br\/novo\/wp-content\/uploads\/2017\/09\/21618003_2001821310055542_2751553413220808775_n-300x200.jpg 300w, https:\/\/assemit.com.br\/novo\/wp-content\/uploads\/2017\/09\/21618003_2001821310055542_2751553413220808775_n-768x512.jpg 768w, https:\/\/assemit.com.br\/novo\/wp-content\/uploads\/2017\/09\/21618003_2001821310055542_2751553413220808775_n-619x413.jpg 619w\" sizes=\"auto, (max-width: 960px) 100vw, 960px\" \/><\/a><\/p>\n<p>Em continuidade aos trabalhos do Departamento de Prote\u00e7\u00e3o ao Cr\u00e9dito, a ASSEMIT realizou nos dias 18,19,20 e 21\/09 o Curso Como Administrar Cr\u00e9dito e Cobran\u00e7a, em parceria com o SEBRAE. Ele proporcionou aos participantes uma vis\u00e3o t\u00e9cnica e gerencial do processo de cadastro, cr\u00e9dito e cobran\u00e7a, capacitando-os para uma participa\u00e7\u00e3o efetiva numa administra\u00e7\u00e3o financeira que garanta a vitalidade e liquidez da organiza\u00e7\u00e3o.<\/p>\n<p><a href=\"http:\/\/www.assemit.com.br\/novo2017\/wp-content\/uploads\/2017\/09\/22007660_2001821080055565_3096042963011109525_n.jpg\"><img loading=\"lazy\" decoding=\"async\" class=\"alignnone wp-image-1540 size-thumbnail\" src=\"http:\/\/www.assemit.com.br\/novo2017\/wp-content\/uploads\/2017\/09\/22007660_2001821080055565_3096042963011109525_n-150x150.jpg\" alt=\"\" width=\"150\" height=\"150\"><\/a>&nbsp;&nbsp;<a href=\"http:\/\/www.assemit.com.br\/novo2017\/wp-content\/uploads\/2017\/09\/21761721_2001820996722240_396972721828210191_n.jpg\"><img loading=\"lazy\" decoding=\"async\" class=\"alignnone size-thumbnail wp-image-1537\" src=\"http:\/\/www.assemit.com.br\/novo2017\/wp-content\/uploads\/2017\/09\/21761721_2001820996722240_396972721828210191_n-150x150.jpg\" alt=\"\" width=\"150\" height=\"150\"><\/a>&nbsp;<a href=\"http:\/\/www.assemit.com.br\/novo2017\/wp-content\/uploads\/2017\/09\/21764797_2001820990055574_8190476182266149291_n.jpg\"><img loading=\"lazy\" decoding=\"async\" class=\"alignnone wp-image-1538 size-thumbnail\" src=\"http:\/\/www.assemit.com.br\/novo2017\/wp-content\/uploads\/2017\/09\/21764797_2001820990055574_8190476182266149291_n-150x150.jpg\" alt=\"\" width=\"150\" height=\"150\"><\/a><\/p>\n","protected":false},"excerpt":{"rendered":"<p>Em continuidade aos trabalhos do Departamento de Prote\u00e7\u00e3o ao Cr\u00e9dito, a ASSEMIT realizou nos dias 18,19,20 e 21\/09 o Curso Como Administrar Cr\u00e9dito e Cobran\u00e7a, em parceria com o SEBRAE. Ele proporcionou aos participantes uma vis\u00e3o t\u00e9cnica e gerencial do [&hellip;]<\/p>\n","protected":false},"author":1,"featured_media":0,"comment_status":"closed","ping_status":"closed","sticky":false,"template":"","format":"standard","meta":{"ngg_post_thumbnail":0,"footnotes":""},"categories":[6],"tags":[],"class_list":["post-1533","post","type-post","status-publish","format-standard","hentry","category-novidades"],"_links":{"self":[{"href":"https:\/\/assemit.com.br\/novo\/index.php?rest_route=\/wp\/v2\/posts\/1533","targetHints":{"allow":["GET"]}}],"collection":[{"href":"https:\/\/assemit.com.br\/novo\/index.php?rest_route=\/wp\/v2\/posts"}],"about":[{"href":"https:\/\/assemit.com.br\/novo\/index.php?rest_route=\/wp\/v2\/types\/post"}],"author":[{"embeddable":true,"href":"https:\/\/assemit.com.br\/novo\/index.php?rest_route=\/wp\/v2\/users\/1"}],"replies":[{"embeddable":true,"href":"https:\/\/assemit.com.br\/novo\/index.php?rest_route=%2Fwp%2Fv2%2Fcomments&post=1533"}],"version-history":[{"count":4,"href":"https:\/\/assemit.com.br\/novo\/index.php?rest_route=\/wp\/v2\/posts\/1533\/revisions"}],"predecessor-version":[{"id":1542,"href":"https:\/\/assemit.com.br\/novo\/index.php?rest_route=\/wp\/v2\/posts\/1533\/revisions\/1542"}],"wp:attachment":[{"href":"https:\/\/assemit.com.br\/novo\/index.php?rest_route=%2Fwp%2Fv2%2Fmedia&parent=1533"}],"wp:term":[{"taxonomy":"category","embeddable":true,"href":"https:\/\/assemit.com.br\/novo\/index.php?rest_route=%2Fwp%2Fv2%2Fcategories&post=1533"},{"taxonomy":"post_tag","embeddable":true,"href":"https:\/\/assemit.com.br\/novo\/index.php?rest_route=%2Fwp%2Fv2%2Ftags&post=1533"}],"curies":[{"name":"wp","href":"https:\/\/api.w.org\/{rel}","templated":true}]}}