{"id":1550,"date":"2017-09-26T10:13:28","date_gmt":"2017-09-26T13:13:28","guid":{"rendered":"http:\/\/www.assemit.com.br\/novo2017\/?p=1550"},"modified":"2017-10-01T08:32:50","modified_gmt":"2017-10-01T11:32:50","slug":"assemit-realiza-assembleia-mensal-e-workshop-sobre-as-solucoes-empresariais","status":"publish","type":"post","link":"https:\/\/assemit.com.br\/novo\/?p=1550","title":{"rendered":"ASSEMIT realiza assembleia mensal e Workshop sobre as Solu\u00e7\u00f5es Empresariais"},"content":{"rendered":"<p><a href=\"http:\/\/www.assemit.com.br\/novo2017\/wp-content\/uploads\/2017\/09\/3.jpg\"><img loading=\"lazy\" decoding=\"async\" class=\"aligncenter wp-image-1551 size-full\" src=\"http:\/\/www.assemit.com.br\/novo2017\/wp-content\/uploads\/2017\/09\/3.jpg\" alt=\"\" width=\"1920\" height=\"1280\" srcset=\"https:\/\/assemit.com.br\/novo\/wp-content\/uploads\/2017\/09\/3.jpg 1920w, https:\/\/assemit.com.br\/novo\/wp-content\/uploads\/2017\/09\/3-300x200.jpg 300w, https:\/\/assemit.com.br\/novo\/wp-content\/uploads\/2017\/09\/3-768x512.jpg 768w, https:\/\/assemit.com.br\/novo\/wp-content\/uploads\/2017\/09\/3-1024x683.jpg 1024w, https:\/\/assemit.com.br\/novo\/wp-content\/uploads\/2017\/09\/3-619x413.jpg 619w\" sizes=\"auto, (max-width: 1920px) 100vw, 1920px\" \/><\/a><\/p>\n<p>Na noite de ontem (25\/09) a ASSEMIT realizou sua Assembleia Mensal. Ap\u00f3s leitura da ata, a Secretaria Municipal da Ind\u00fastria, Com\u00e9rcio, Presta\u00e7\u00e3o de Servi\u00e7os e Turismo explanou sobre o Dia D Deutschland \u2013 o dia de viver uma experi\u00eancia alem\u00e3 no Ber\u00e7o Nacional da Oktoberfest, que ter\u00e1 sua primeira edi\u00e7\u00e3o no dia 07\/10. Dando sequencia, foi apresentada a proposta do Bierwagem na Oktoberfest, com convite de patroc\u00ednio. Logo ap\u00f3s, o N\u00facleo da Mulher Empres\u00e1ria fez o convite para a 4\u00aa Campanha Outubro Rosa e Novembro Azul, que ter\u00e1 diversas atividades. Para encerrar a noite, foi realizado o Workshop sobre as Solu\u00e7\u00f5es Empresariais com o representante da FACISC, Maikel Petter Estoskes.<\/p>\n<p><a href=\"http:\/\/www.assemit.com.br\/novo2017\/wp-content\/uploads\/2017\/09\/IMG_2651.jpg\"><img loading=\"lazy\" decoding=\"async\" class=\"alignnone wp-image-1553 size-thumbnail\" src=\"http:\/\/www.assemit.com.br\/novo2017\/wp-content\/uploads\/2017\/09\/IMG_2651-150x150.jpg\" alt=\"\" width=\"150\" height=\"150\"><\/a><a href=\"http:\/\/www.assemit.com.br\/novo2017\/wp-content\/uploads\/2017\/09\/10.jpg\"><img loading=\"lazy\" decoding=\"async\" class=\"alignnone wp-image-1552 size-thumbnail\" src=\"http:\/\/www.assemit.com.br\/novo2017\/wp-content\/uploads\/2017\/09\/10-150x150.jpg\" alt=\"\" width=\"150\" height=\"150\"><\/a><\/p>\n<p>&nbsp;<\/p>\n","protected":false},"excerpt":{"rendered":"<p>Na noite de ontem (25\/09) a ASSEMIT realizou sua Assembleia Mensal. Ap\u00f3s leitura da ata, a Secretaria Municipal da Ind\u00fastria, Com\u00e9rcio, Presta\u00e7\u00e3o de Servi\u00e7os e Turismo explanou sobre o Dia D Deutschland \u2013 o dia de viver uma experi\u00eancia alem\u00e3 [&hellip;]<\/p>\n","protected":false},"author":1,"featured_media":0,"comment_status":"closed","ping_status":"closed","sticky":false,"template":"","format":"standard","meta":{"ngg_post_thumbnail":0,"footnotes":""},"categories":[6],"tags":[],"class_list":["post-1550","post","type-post","status-publish","format-standard","hentry","category-novidades"],"_links":{"self":[{"href":"https:\/\/assemit.com.br\/novo\/index.php?rest_route=\/wp\/v2\/posts\/1550","targetHints":{"allow":["GET"]}}],"collection":[{"href":"https:\/\/assemit.com.br\/novo\/index.php?rest_route=\/wp\/v2\/posts"}],"about":[{"href":"https:\/\/assemit.com.br\/novo\/index.php?rest_route=\/wp\/v2\/types\/post"}],"author":[{"embeddable":true,"href":"https:\/\/assemit.com.br\/novo\/index.php?rest_route=\/wp\/v2\/users\/1"}],"replies":[{"embeddable":true,"href":"https:\/\/assemit.com.br\/novo\/index.php?rest_route=%2Fwp%2Fv2%2Fcomments&post=1550"}],"version-history":[{"count":3,"href":"https:\/\/assemit.com.br\/novo\/index.php?rest_route=\/wp\/v2\/posts\/1550\/revisions"}],"predecessor-version":[{"id":1587,"href":"https:\/\/assemit.com.br\/novo\/index.php?rest_route=\/wp\/v2\/posts\/1550\/revisions\/1587"}],"wp:attachment":[{"href":"https:\/\/assemit.com.br\/novo\/index.php?rest_route=%2Fwp%2Fv2%2Fmedia&parent=1550"}],"wp:term":[{"taxonomy":"category","embeddable":true,"href":"https:\/\/assemit.com.br\/novo\/index.php?rest_route=%2Fwp%2Fv2%2Fcategories&post=1550"},{"taxonomy":"post_tag","embeddable":true,"href":"https:\/\/assemit.com.br\/novo\/index.php?rest_route=%2Fwp%2Fv2%2Ftags&post=1550"}],"curies":[{"name":"wp","href":"https:\/\/api.w.org\/{rel}","templated":true}]}}