{"id":159,"date":"2013-11-26T10:30:56","date_gmt":"2013-11-26T10:30:56","guid":{"rendered":"http:\/\/novo2017.assemit.com.br\/?p=159"},"modified":"2013-11-26T10:30:56","modified_gmt":"2013-11-26T10:30:56","slug":"realizado-2o-modulo-de-seminario-do-mei","status":"publish","type":"post","link":"https:\/\/assemit.com.br\/novo\/?p=159","title":{"rendered":"Realizado 2\u00ba M\u00f3dulo de Semin\u00e1rio do MEI"},"content":{"rendered":"<p style=\"text-align: justify;\">Nesta Quarta- Feira (20-11) a Prefeitura Municipal, atrav\u00e9s da Diretoria de Ind\u00fastria Com\u00e9rcio e Presta\u00e7\u00e3o de Servi\u00e7os, realizou na ASSEMIT o 2\u00ba M\u00f3dulo do Semin\u00e1rio do Micro Empreendedor Individual com a oficina SEI Empreender do SEBRAE.<br \/>O evento foi uma realiza\u00e7\u00e3o da Prefeitura Municipal com Apoio da Assemit. A Assemit, atrav\u00e9s da Consultora Raquel e dos demais apoiadores, almejam a\u00a0 cria\u00e7\u00e3o do N\u00facleo do MEI, a\u00e7\u00e3o que ser\u00e1 programada ainda este ano.<\/p>\n<p style=\"text-align: justify;\"><img loading=\"lazy\" decoding=\"async\" class=\" size-full wp-image-158\" src=\"http:\/\/novo2017.assemit.com.br\/wp-content\/uploads\/2013\/11\/semin.jpg\" border=\"0\" width=\"675\" height=\"450\" srcset=\"https:\/\/assemit.com.br\/novo\/wp-content\/uploads\/2013\/11\/semin.jpg 675w, https:\/\/assemit.com.br\/novo\/wp-content\/uploads\/2013\/11\/semin-300x200.jpg 300w, https:\/\/assemit.com.br\/novo\/wp-content\/uploads\/2013\/11\/semin-619x413.jpg 619w\" sizes=\"auto, (max-width: 675px) 100vw, 675px\" \/><\/p>\n","protected":false},"excerpt":{"rendered":"<p>Nesta Quarta- Feira (20-11) a Prefeitura Municipal, atrav\u00e9s da Diretoria de Ind\u00fastria Com\u00e9rcio e Presta\u00e7\u00e3o de Servi\u00e7os, realizou na ASSEMIT o 2\u00ba M\u00f3dulo do Semin\u00e1rio do Micro Empreendedor Individual com a oficina SEI Empreender do SEBRAE.O evento foi uma realiza\u00e7\u00e3o [&hellip;]<\/p>\n","protected":false},"author":1,"featured_media":158,"comment_status":"open","ping_status":"open","sticky":false,"template":"","format":"standard","meta":{"ngg_post_thumbnail":0,"footnotes":""},"categories":[6],"tags":[],"class_list":["post-159","post","type-post","status-publish","format-standard","has-post-thumbnail","hentry","category-novidades"],"_links":{"self":[{"href":"https:\/\/assemit.com.br\/novo\/index.php?rest_route=\/wp\/v2\/posts\/159","targetHints":{"allow":["GET"]}}],"collection":[{"href":"https:\/\/assemit.com.br\/novo\/index.php?rest_route=\/wp\/v2\/posts"}],"about":[{"href":"https:\/\/assemit.com.br\/novo\/index.php?rest_route=\/wp\/v2\/types\/post"}],"author":[{"embeddable":true,"href":"https:\/\/assemit.com.br\/novo\/index.php?rest_route=\/wp\/v2\/users\/1"}],"replies":[{"embeddable":true,"href":"https:\/\/assemit.com.br\/novo\/index.php?rest_route=%2Fwp%2Fv2%2Fcomments&post=159"}],"version-history":[{"count":0,"href":"https:\/\/assemit.com.br\/novo\/index.php?rest_route=\/wp\/v2\/posts\/159\/revisions"}],"wp:featuredmedia":[{"embeddable":true,"href":"https:\/\/assemit.com.br\/novo\/index.php?rest_route=\/wp\/v2\/media\/158"}],"wp:attachment":[{"href":"https:\/\/assemit.com.br\/novo\/index.php?rest_route=%2Fwp%2Fv2%2Fmedia&parent=159"}],"wp:term":[{"taxonomy":"category","embeddable":true,"href":"https:\/\/assemit.com.br\/novo\/index.php?rest_route=%2Fwp%2Fv2%2Fcategories&post=159"},{"taxonomy":"post_tag","embeddable":true,"href":"https:\/\/assemit.com.br\/novo\/index.php?rest_route=%2Fwp%2Fv2%2Ftags&post=159"}],"curies":[{"name":"wp","href":"https:\/\/api.w.org\/{rel}","templated":true}]}}