{"id":161,"date":"2013-11-20T09:22:50","date_gmt":"2013-11-20T09:22:50","guid":{"rendered":"http:\/\/novo2017.assemit.com.br\/?p=161"},"modified":"2013-11-20T09:22:50","modified_gmt":"2013-11-20T09:22:50","slug":"assemit-participa-da-realizacao-do-seminario-de-micro-empreendedor-individual","status":"publish","type":"post","link":"https:\/\/assemit.com.br\/novo\/?p=161","title":{"rendered":"Assemit participa da realiza\u00e7\u00e3o do Semin\u00e1rio de Micro Empreendedor Individual"},"content":{"rendered":"<p style=\"text-align: justify;\">Na noite desta Segunda-feira (18-11) a Prefeitura Municipal realizou o 1\u00ba M\u00d3dulo do Semin\u00e1rio e contou com a presen\u00e7a de diversas entidades para trazer informa\u00e7\u00f5es e esses empreendedores. A ASSEMIT foi representada pelo Presidente Elton Maldaner, Consultora Raquel La\u00eds e o Vice Presidente Regional da Facisc Afonso Niehues.<\/p>\n<p style=\"text-align: justify;\">A assunto abordado pelo entidade foi o Associativismo e N\u00facleos Setoriais, no momento a ideia \u00e9 aproximar a Associa\u00e7\u00e3o dos Micro Empreendedores para ajudar a buscar informa\u00e7\u00f5es e concretizar a\u00e7\u00f5es.<\/p>\n<p style=\"text-align: justify;\">Sendo assim lan\u00e7ou-se a ideia de criar nas pr\u00f3ximas semanas o N\u00facleo do Micro Empreendedor Individual. O Semin\u00e1rio continua na Quarta- Feira (20-11) no Audit\u00f3rio de Prefeitura com o SEI Empreender do SEBRAE.<\/p>\n<p style=\"text-align: justify;\"><img loading=\"lazy\" decoding=\"async\" class=\" size-full wp-image-160\" src=\"http:\/\/novo2017.assemit.com.br\/wp-content\/uploads\/2013\/11\/mei.jpg\" border=\"0\" width=\"653\" height=\"435\" srcset=\"https:\/\/assemit.com.br\/novo\/wp-content\/uploads\/2013\/11\/mei.jpg 653w, https:\/\/assemit.com.br\/novo\/wp-content\/uploads\/2013\/11\/mei-300x200.jpg 300w, https:\/\/assemit.com.br\/novo\/wp-content\/uploads\/2013\/11\/mei-619x412.jpg 619w\" sizes=\"auto, (max-width: 653px) 100vw, 653px\" \/><\/p>\n","protected":false},"excerpt":{"rendered":"<p>Na noite desta Segunda-feira (18-11) a Prefeitura Municipal realizou o 1\u00ba M\u00d3dulo do Semin\u00e1rio e contou com a presen\u00e7a de diversas entidades para trazer informa\u00e7\u00f5es e esses empreendedores. A ASSEMIT foi representada pelo Presidente Elton Maldaner, Consultora Raquel La\u00eds e [&hellip;]<\/p>\n","protected":false},"author":1,"featured_media":160,"comment_status":"open","ping_status":"open","sticky":false,"template":"","format":"standard","meta":{"ngg_post_thumbnail":0,"footnotes":""},"categories":[6],"tags":[],"class_list":["post-161","post","type-post","status-publish","format-standard","has-post-thumbnail","hentry","category-novidades"],"_links":{"self":[{"href":"https:\/\/assemit.com.br\/novo\/index.php?rest_route=\/wp\/v2\/posts\/161","targetHints":{"allow":["GET"]}}],"collection":[{"href":"https:\/\/assemit.com.br\/novo\/index.php?rest_route=\/wp\/v2\/posts"}],"about":[{"href":"https:\/\/assemit.com.br\/novo\/index.php?rest_route=\/wp\/v2\/types\/post"}],"author":[{"embeddable":true,"href":"https:\/\/assemit.com.br\/novo\/index.php?rest_route=\/wp\/v2\/users\/1"}],"replies":[{"embeddable":true,"href":"https:\/\/assemit.com.br\/novo\/index.php?rest_route=%2Fwp%2Fv2%2Fcomments&post=161"}],"version-history":[{"count":0,"href":"https:\/\/assemit.com.br\/novo\/index.php?rest_route=\/wp\/v2\/posts\/161\/revisions"}],"wp:featuredmedia":[{"embeddable":true,"href":"https:\/\/assemit.com.br\/novo\/index.php?rest_route=\/wp\/v2\/media\/160"}],"wp:attachment":[{"href":"https:\/\/assemit.com.br\/novo\/index.php?rest_route=%2Fwp%2Fv2%2Fmedia&parent=161"}],"wp:term":[{"taxonomy":"category","embeddable":true,"href":"https:\/\/assemit.com.br\/novo\/index.php?rest_route=%2Fwp%2Fv2%2Fcategories&post=161"},{"taxonomy":"post_tag","embeddable":true,"href":"https:\/\/assemit.com.br\/novo\/index.php?rest_route=%2Fwp%2Fv2%2Ftags&post=161"}],"curies":[{"name":"wp","href":"https:\/\/api.w.org\/{rel}","templated":true}]}}