{"id":1638,"date":"2017-10-16T10:29:05","date_gmt":"2017-10-16T13:29:05","guid":{"rendered":"http:\/\/www.assemit.com.br\/novo2017\/?p=1638"},"modified":"2017-10-16T12:21:07","modified_gmt":"2017-10-16T15:21:07","slug":"assemit-sedia-plenaria-da-facisc-regional-extremo-oeste","status":"publish","type":"post","link":"https:\/\/assemit.com.br\/novo\/?p=1638","title":{"rendered":"ASSEMIT sedia Plen\u00e1ria da FACISC &#8211; Regional Extremo Oeste"},"content":{"rendered":"<p><a href=\"http:\/\/www.assemit.com.br\/novo2017\/wp-content\/uploads\/2017\/10\/IMG_3336.jpg\"><img loading=\"lazy\" decoding=\"async\" class=\"aligncenter wp-image-1639 size-large\" src=\"http:\/\/www.assemit.com.br\/novo2017\/wp-content\/uploads\/2017\/10\/IMG_3336-1024x375.jpg\" alt=\"\" width=\"660\" height=\"242\" srcset=\"https:\/\/assemit.com.br\/novo\/wp-content\/uploads\/2017\/10\/IMG_3336-1024x375.jpg 1024w, https:\/\/assemit.com.br\/novo\/wp-content\/uploads\/2017\/10\/IMG_3336-300x110.jpg 300w, https:\/\/assemit.com.br\/novo\/wp-content\/uploads\/2017\/10\/IMG_3336-768x281.jpg 768w, https:\/\/assemit.com.br\/novo\/wp-content\/uploads\/2017\/10\/IMG_3336-619x227.jpg 619w, https:\/\/assemit.com.br\/novo\/wp-content\/uploads\/2017\/10\/IMG_3336.jpg 1812w\" sizes=\"auto, (max-width: 660px) 100vw, 660px\" \/><\/a><\/p>\n<p>A&nbsp;<span class=\"highlightNode\">ASSEMIT<\/span>&nbsp;sediou na sexta-feira (13\/10) a \u00faltima Plen\u00e1ria da FACISC para o ano de 2017. O evento iniciou com coffee e visita t\u00e9cnica \u00e0 Casa do Cooperativismo (SICOOB). Carlise Welter Werlang, Secret\u00e1ria de Desenvolvimento Econ\u00f4mico e Sustent\u00e1vel, apresentou o projeto tur\u00edstico no munic\u00edpio que j\u00e1 conta com diversos programas, dentre eles o Dia D Deutschland. Foram abordados diversos assuntos da Federa\u00e7\u00e3o e o evento encerrou com o Show da Oktoberfest, seguido de jantar t\u00edpico e confraterniza\u00e7\u00e3o.<\/p>\n<p><a href=\"http:\/\/www.assemit.com.br\/novo2017\/wp-content\/uploads\/2017\/10\/IMG_3171.jpg\"><img loading=\"lazy\" decoding=\"async\" class=\"alignnone wp-image-1640 size-thumbnail\" src=\"http:\/\/www.assemit.com.br\/novo2017\/wp-content\/uploads\/2017\/10\/IMG_3171-150x150.jpg\" alt=\"\" width=\"150\" height=\"150\"><\/a> <a href=\"http:\/\/www.assemit.com.br\/novo2017\/wp-content\/uploads\/2017\/10\/IMG_3175.jpg\"><img loading=\"lazy\" decoding=\"async\" class=\"alignnone wp-image-1642 size-thumbnail\" src=\"http:\/\/www.assemit.com.br\/novo2017\/wp-content\/uploads\/2017\/10\/IMG_3175-150x150.jpg\" alt=\"\" width=\"150\" height=\"150\"><\/a><a href=\"http:\/\/www.assemit.com.br\/novo2017\/wp-content\/uploads\/2017\/10\/IMG_3223.jpg\"><img loading=\"lazy\" decoding=\"async\" class=\"alignnone wp-image-1644 size-thumbnail\" src=\"http:\/\/www.assemit.com.br\/novo2017\/wp-content\/uploads\/2017\/10\/IMG_3223-150x150.jpg\" alt=\"\" width=\"150\" height=\"150\"><\/a> <a href=\"http:\/\/www.assemit.com.br\/novo2017\/wp-content\/uploads\/2017\/10\/IMG_3238.jpg\"><img loading=\"lazy\" decoding=\"async\" class=\"alignnone wp-image-1645 size-thumbnail\" src=\"http:\/\/www.assemit.com.br\/novo2017\/wp-content\/uploads\/2017\/10\/IMG_3238-150x150.jpg\" alt=\"\" width=\"150\" height=\"150\"><\/a> <a href=\"http:\/\/www.assemit.com.br\/novo2017\/wp-content\/uploads\/2017\/10\/IMG_3195.jpg\"><img loading=\"lazy\" decoding=\"async\" class=\"alignnone wp-image-1643 size-thumbnail\" src=\"http:\/\/www.assemit.com.br\/novo2017\/wp-content\/uploads\/2017\/10\/IMG_3195-150x150.jpg\" alt=\"\" width=\"150\" height=\"150\"><\/a><a href=\"http:\/\/www.assemit.com.br\/novo2017\/wp-content\/uploads\/2017\/10\/IMG_3250.jpg\"><img loading=\"lazy\" decoding=\"async\" class=\"alignnone wp-image-1646 size-thumbnail\" src=\"http:\/\/www.assemit.com.br\/novo2017\/wp-content\/uploads\/2017\/10\/IMG_3250-150x150.jpg\" alt=\"\" width=\"150\" height=\"150\"><\/a><\/p>\n","protected":false},"excerpt":{"rendered":"<p>A&nbsp;ASSEMIT&nbsp;sediou na sexta-feira (13\/10) a \u00faltima Plen\u00e1ria da FACISC para o ano de 2017. O evento iniciou com coffee e visita t\u00e9cnica \u00e0 Casa do Cooperativismo (SICOOB). Carlise Welter Werlang, Secret\u00e1ria de Desenvolvimento Econ\u00f4mico e Sustent\u00e1vel, apresentou o projeto tur\u00edstico [&hellip;]<\/p>\n","protected":false},"author":1,"featured_media":0,"comment_status":"closed","ping_status":"closed","sticky":false,"template":"","format":"standard","meta":{"ngg_post_thumbnail":0,"footnotes":""},"categories":[6],"tags":[],"class_list":["post-1638","post","type-post","status-publish","format-standard","hentry","category-novidades"],"_links":{"self":[{"href":"https:\/\/assemit.com.br\/novo\/index.php?rest_route=\/wp\/v2\/posts\/1638","targetHints":{"allow":["GET"]}}],"collection":[{"href":"https:\/\/assemit.com.br\/novo\/index.php?rest_route=\/wp\/v2\/posts"}],"about":[{"href":"https:\/\/assemit.com.br\/novo\/index.php?rest_route=\/wp\/v2\/types\/post"}],"author":[{"embeddable":true,"href":"https:\/\/assemit.com.br\/novo\/index.php?rest_route=\/wp\/v2\/users\/1"}],"replies":[{"embeddable":true,"href":"https:\/\/assemit.com.br\/novo\/index.php?rest_route=%2Fwp%2Fv2%2Fcomments&post=1638"}],"version-history":[{"count":3,"href":"https:\/\/assemit.com.br\/novo\/index.php?rest_route=\/wp\/v2\/posts\/1638\/revisions"}],"predecessor-version":[{"id":1652,"href":"https:\/\/assemit.com.br\/novo\/index.php?rest_route=\/wp\/v2\/posts\/1638\/revisions\/1652"}],"wp:attachment":[{"href":"https:\/\/assemit.com.br\/novo\/index.php?rest_route=%2Fwp%2Fv2%2Fmedia&parent=1638"}],"wp:term":[{"taxonomy":"category","embeddable":true,"href":"https:\/\/assemit.com.br\/novo\/index.php?rest_route=%2Fwp%2Fv2%2Fcategories&post=1638"},{"taxonomy":"post_tag","embeddable":true,"href":"https:\/\/assemit.com.br\/novo\/index.php?rest_route=%2Fwp%2Fv2%2Ftags&post=1638"}],"curies":[{"name":"wp","href":"https:\/\/api.w.org\/{rel}","templated":true}]}}