{"id":1678,"date":"2017-11-08T07:15:09","date_gmt":"2017-11-08T10:15:09","guid":{"rendered":"http:\/\/www.assemit.com.br\/novo2017\/?p=1678"},"modified":"2017-11-16T07:33:21","modified_gmt":"2017-11-16T10:33:21","slug":"nucleo-de-contadores-organiza-palestra-medicina-preventiva-e-bem-estar-do-homem","status":"publish","type":"post","link":"https:\/\/assemit.com.br\/novo\/?p=1678","title":{"rendered":"N\u00facleo de Contadores organiza palestra Medicina Preventiva e Bem Estar do Homem"},"content":{"rendered":"<p><a href=\"http:\/\/www.assemit.com.br\/novo2017\/wp-content\/uploads\/2017\/11\/1-3.jpg\"><img loading=\"lazy\" decoding=\"async\" class=\"alignnone size-full wp-image-1681\" src=\"http:\/\/www.assemit.com.br\/novo2017\/wp-content\/uploads\/2017\/11\/1-3.jpg\" alt=\"\" width=\"1920\" height=\"1280\" srcset=\"https:\/\/assemit.com.br\/novo\/wp-content\/uploads\/2017\/11\/1-3.jpg 1920w, https:\/\/assemit.com.br\/novo\/wp-content\/uploads\/2017\/11\/1-3-300x200.jpg 300w, https:\/\/assemit.com.br\/novo\/wp-content\/uploads\/2017\/11\/1-3-768x512.jpg 768w, https:\/\/assemit.com.br\/novo\/wp-content\/uploads\/2017\/11\/1-3-1024x683.jpg 1024w, https:\/\/assemit.com.br\/novo\/wp-content\/uploads\/2017\/11\/1-3-619x413.jpg 619w\" sizes=\"auto, (max-width: 1920px) 100vw, 1920px\" \/><\/a>O N\u00facleo de Contadores realizou na noite de ontem (07\/11), programa\u00e7\u00e3o do Novembro Azul com a Palestra \u201cMedicina Preventiva e Bem Estar do Homem\u201d com o Dr. Dion\u00edsio Nunes, que falou sobre alimenta\u00e7\u00e3o balanceada, mudan\u00e7as de h\u00e1bitos, atividades f\u00edsicas e preven\u00e7\u00e3o de c\u00e2ncer.<\/p>\n<p>Houve tamb\u00e9m o depoimento de pessoas que passaram e est\u00e3o passando pelo c\u00e2ncer, trazendo suas experi\u00eancias e li\u00e7\u00f5es de supera\u00e7\u00e3o.<\/p>\n<p><a href=\"http:\/\/www.assemit.com.br\/novo2017\/wp-content\/uploads\/2017\/11\/1-1.jpg\"><img loading=\"lazy\" decoding=\"async\" class=\"alignnone size-thumbnail wp-image-1679\" src=\"http:\/\/www.assemit.com.br\/novo2017\/wp-content\/uploads\/2017\/11\/1-1-150x150.jpg\" alt=\"\" width=\"150\" height=\"150\"><\/a>&nbsp;<a href=\"http:\/\/www.assemit.com.br\/novo2017\/wp-content\/uploads\/2017\/11\/1-3.jpg\"><img loading=\"lazy\" decoding=\"async\" class=\"alignnone size-thumbnail wp-image-1681\" src=\"http:\/\/www.assemit.com.br\/novo2017\/wp-content\/uploads\/2017\/11\/1-3-150x150.jpg\" alt=\"\" width=\"150\" height=\"150\"><\/a>&nbsp;<a href=\"http:\/\/www.assemit.com.br\/novo2017\/wp-content\/uploads\/2017\/11\/1-4.jpg\"><img loading=\"lazy\" decoding=\"async\" class=\"alignnone size-thumbnail wp-image-1682\" src=\"http:\/\/www.assemit.com.br\/novo2017\/wp-content\/uploads\/2017\/11\/1-4-150x150.jpg\" alt=\"\" width=\"150\" height=\"150\" srcset=\"https:\/\/assemit.com.br\/novo\/wp-content\/uploads\/2017\/11\/1-4-150x150.jpg 150w, https:\/\/assemit.com.br\/novo\/wp-content\/uploads\/2017\/11\/1-4-768x775.jpg 768w, https:\/\/assemit.com.br\/novo\/wp-content\/uploads\/2017\/11\/1-4-619x625.jpg 619w, https:\/\/assemit.com.br\/novo\/wp-content\/uploads\/2017\/11\/1-4.jpg 951w\" sizes=\"auto, (max-width: 150px) 100vw, 150px\" \/><\/a>&nbsp;<a href=\"http:\/\/www.assemit.com.br\/novo2017\/wp-content\/uploads\/2017\/11\/1-5.jpg\"><img loading=\"lazy\" decoding=\"async\" class=\"alignnone size-thumbnail wp-image-1683\" src=\"http:\/\/www.assemit.com.br\/novo2017\/wp-content\/uploads\/2017\/11\/1-5-150x150.jpg\" alt=\"\" width=\"150\" height=\"150\"><\/a>&nbsp;<a href=\"http:\/\/www.assemit.com.br\/novo2017\/wp-content\/uploads\/2017\/11\/1-6.jpg\"><img loading=\"lazy\" decoding=\"async\" class=\"alignnone size-thumbnail wp-image-1684\" src=\"http:\/\/www.assemit.com.br\/novo2017\/wp-content\/uploads\/2017\/11\/1-6-150x150.jpg\" alt=\"\" width=\"150\" height=\"150\"><\/a>&nbsp;<a href=\"http:\/\/www.assemit.com.br\/novo2017\/wp-content\/uploads\/2017\/11\/1-7.jpg\"><img loading=\"lazy\" decoding=\"async\" class=\"alignnone size-thumbnail wp-image-1685\" src=\"http:\/\/www.assemit.com.br\/novo2017\/wp-content\/uploads\/2017\/11\/1-7-150x150.jpg\" alt=\"\" width=\"150\" height=\"150\"><\/a><\/p>\n","protected":false},"excerpt":{"rendered":"<p>O N\u00facleo de Contadores realizou na noite de ontem (07\/11), programa\u00e7\u00e3o do Novembro Azul com a Palestra \u201cMedicina Preventiva e Bem Estar do Homem\u201d com o Dr. Dion\u00edsio Nunes, que falou sobre alimenta\u00e7\u00e3o balanceada, mudan\u00e7as de h\u00e1bitos, atividades f\u00edsicas e [&hellip;]<\/p>\n","protected":false},"author":1,"featured_media":0,"comment_status":"closed","ping_status":"closed","sticky":false,"template":"","format":"standard","meta":{"ngg_post_thumbnail":0,"footnotes":""},"categories":[6],"tags":[],"class_list":["post-1678","post","type-post","status-publish","format-standard","hentry","category-novidades"],"_links":{"self":[{"href":"https:\/\/assemit.com.br\/novo\/index.php?rest_route=\/wp\/v2\/posts\/1678","targetHints":{"allow":["GET"]}}],"collection":[{"href":"https:\/\/assemit.com.br\/novo\/index.php?rest_route=\/wp\/v2\/posts"}],"about":[{"href":"https:\/\/assemit.com.br\/novo\/index.php?rest_route=\/wp\/v2\/types\/post"}],"author":[{"embeddable":true,"href":"https:\/\/assemit.com.br\/novo\/index.php?rest_route=\/wp\/v2\/users\/1"}],"replies":[{"embeddable":true,"href":"https:\/\/assemit.com.br\/novo\/index.php?rest_route=%2Fwp%2Fv2%2Fcomments&post=1678"}],"version-history":[{"count":3,"href":"https:\/\/assemit.com.br\/novo\/index.php?rest_route=\/wp\/v2\/posts\/1678\/revisions"}],"predecessor-version":[{"id":1688,"href":"https:\/\/assemit.com.br\/novo\/index.php?rest_route=\/wp\/v2\/posts\/1678\/revisions\/1688"}],"wp:attachment":[{"href":"https:\/\/assemit.com.br\/novo\/index.php?rest_route=%2Fwp%2Fv2%2Fmedia&parent=1678"}],"wp:term":[{"taxonomy":"category","embeddable":true,"href":"https:\/\/assemit.com.br\/novo\/index.php?rest_route=%2Fwp%2Fv2%2Fcategories&post=1678"},{"taxonomy":"post_tag","embeddable":true,"href":"https:\/\/assemit.com.br\/novo\/index.php?rest_route=%2Fwp%2Fv2%2Ftags&post=1678"}],"curies":[{"name":"wp","href":"https:\/\/api.w.org\/{rel}","templated":true}]}}