{"id":1689,"date":"2017-11-10T07:36:37","date_gmt":"2017-11-10T10:36:37","guid":{"rendered":"http:\/\/www.assemit.com.br\/novo2017\/?p=1689"},"modified":"2017-11-16T07:45:07","modified_gmt":"2017-11-16T10:45:07","slug":"assemit-promove-curso-de-ambientacao-para-o-natal","status":"publish","type":"post","link":"https:\/\/assemit.com.br\/novo\/?p=1689","title":{"rendered":"Assemit promove curso de ambienta\u00e7\u00e3o para o Natal"},"content":{"rendered":"<p><a href=\"http:\/\/www.assemit.com.br\/novo2017\/wp-content\/uploads\/2017\/11\/23415407_2023334544570885_3303144178580359975_o.jpg\"><img loading=\"lazy\" decoding=\"async\" class=\"alignnone size-full wp-image-1692\" src=\"http:\/\/www.assemit.com.br\/novo2017\/wp-content\/uploads\/2017\/11\/23415407_2023334544570885_3303144178580359975_o.jpg\" alt=\"\" width=\"1920\" height=\"1280\" srcset=\"https:\/\/assemit.com.br\/novo\/wp-content\/uploads\/2017\/11\/23415407_2023334544570885_3303144178580359975_o.jpg 1920w, https:\/\/assemit.com.br\/novo\/wp-content\/uploads\/2017\/11\/23415407_2023334544570885_3303144178580359975_o-300x200.jpg 300w, https:\/\/assemit.com.br\/novo\/wp-content\/uploads\/2017\/11\/23415407_2023334544570885_3303144178580359975_o-768x512.jpg 768w, https:\/\/assemit.com.br\/novo\/wp-content\/uploads\/2017\/11\/23415407_2023334544570885_3303144178580359975_o-1024x683.jpg 1024w, https:\/\/assemit.com.br\/novo\/wp-content\/uploads\/2017\/11\/23415407_2023334544570885_3303144178580359975_o-619x413.jpg 619w\" sizes=\"auto, (max-width: 1920px) 100vw, 1920px\" \/><\/a>A Assemit em parceria com a Criativa Cursos realizou na noite de ontem (09\/11) \u201cCurso de Ambienta\u00e7\u00e3o Para o Natal: A magia desta data na sua loja\u201d com o designer Laude Moesch.<\/p>\n<p>Foram apresentadas diversas t\u00e9cnicas de ambienta\u00e7\u00e3o, que fazem o diferencial na decora\u00e7\u00e3o, atraindo e encantando seus clientes.<\/p>\n<p><a href=\"http:\/\/www.assemit.com.br\/novo2017\/wp-content\/uploads\/2017\/11\/23334216_2023334541237552_1152155440839087780_o.jpg\"><img loading=\"lazy\" decoding=\"async\" class=\"alignnone size-thumbnail wp-image-1690\" src=\"http:\/\/www.assemit.com.br\/novo2017\/wp-content\/uploads\/2017\/11\/23334216_2023334541237552_1152155440839087780_o-150x150.jpg\" alt=\"\" width=\"150\" height=\"150\"><\/a>&nbsp;<a href=\"http:\/\/www.assemit.com.br\/novo2017\/wp-content\/uploads\/2017\/11\/23415303_2023334537904219_6203476385935252128_o.jpg\"><img loading=\"lazy\" decoding=\"async\" class=\"alignnone wp-image-1691 size-thumbnail\" src=\"http:\/\/www.assemit.com.br\/novo2017\/wp-content\/uploads\/2017\/11\/23415303_2023334537904219_6203476385935252128_o-150x150.jpg\" alt=\"\" width=\"150\" height=\"150\"><\/a>&nbsp;<a href=\"http:\/\/www.assemit.com.br\/novo2017\/wp-content\/uploads\/2017\/11\/23509508_2023334631237543_7784319080326528937_o.jpg\"><img loading=\"lazy\" decoding=\"async\" class=\"alignnone wp-image-1693 size-thumbnail\" src=\"http:\/\/www.assemit.com.br\/novo2017\/wp-content\/uploads\/2017\/11\/23509508_2023334631237543_7784319080326528937_o-150x150.jpg\" alt=\"\" width=\"150\" height=\"150\"><\/a><\/p>\n","protected":false},"excerpt":{"rendered":"<p>A Assemit em parceria com a Criativa Cursos realizou na noite de ontem (09\/11) \u201cCurso de Ambienta\u00e7\u00e3o Para o Natal: A magia desta data na sua loja\u201d com o designer Laude Moesch. Foram apresentadas diversas t\u00e9cnicas de ambienta\u00e7\u00e3o, que fazem [&hellip;]<\/p>\n","protected":false},"author":1,"featured_media":0,"comment_status":"closed","ping_status":"closed","sticky":false,"template":"","format":"standard","meta":{"ngg_post_thumbnail":0,"footnotes":""},"categories":[6],"tags":[],"class_list":["post-1689","post","type-post","status-publish","format-standard","hentry","category-novidades"],"_links":{"self":[{"href":"https:\/\/assemit.com.br\/novo\/index.php?rest_route=\/wp\/v2\/posts\/1689","targetHints":{"allow":["GET"]}}],"collection":[{"href":"https:\/\/assemit.com.br\/novo\/index.php?rest_route=\/wp\/v2\/posts"}],"about":[{"href":"https:\/\/assemit.com.br\/novo\/index.php?rest_route=\/wp\/v2\/types\/post"}],"author":[{"embeddable":true,"href":"https:\/\/assemit.com.br\/novo\/index.php?rest_route=\/wp\/v2\/users\/1"}],"replies":[{"embeddable":true,"href":"https:\/\/assemit.com.br\/novo\/index.php?rest_route=%2Fwp%2Fv2%2Fcomments&post=1689"}],"version-history":[{"count":3,"href":"https:\/\/assemit.com.br\/novo\/index.php?rest_route=\/wp\/v2\/posts\/1689\/revisions"}],"predecessor-version":[{"id":1696,"href":"https:\/\/assemit.com.br\/novo\/index.php?rest_route=\/wp\/v2\/posts\/1689\/revisions\/1696"}],"wp:attachment":[{"href":"https:\/\/assemit.com.br\/novo\/index.php?rest_route=%2Fwp%2Fv2%2Fmedia&parent=1689"}],"wp:term":[{"taxonomy":"category","embeddable":true,"href":"https:\/\/assemit.com.br\/novo\/index.php?rest_route=%2Fwp%2Fv2%2Fcategories&post=1689"},{"taxonomy":"post_tag","embeddable":true,"href":"https:\/\/assemit.com.br\/novo\/index.php?rest_route=%2Fwp%2Fv2%2Ftags&post=1689"}],"curies":[{"name":"wp","href":"https:\/\/api.w.org\/{rel}","templated":true}]}}