{"id":1698,"date":"2018-02-06T20:39:19","date_gmt":"2018-02-06T23:39:19","guid":{"rendered":"http:\/\/www.assemit.com.br\/novo2017\/?p=1698"},"modified":"2018-02-06T20:40:48","modified_gmt":"2018-02-06T23:40:48","slug":"definidas-as-datas-da-10a-efrait","status":"publish","type":"post","link":"https:\/\/assemit.com.br\/novo\/?p=1698","title":{"rendered":"DEFINIDAS AS DATAS DA 10\u00aa EFRAIT\u00a0"},"content":{"rendered":"<p>Ap\u00f3s uma edi\u00e7\u00e3o repleta de novidades e evolu\u00e7\u00f5es no ano de 2017, a pr\u00f3xima Efrait j\u00e1 tem data marcada: ser\u00e1 de 3 a 5 de maio de 2019.&nbsp;<br \/>\nA Exposi\u00e7\u00e3o Feira Agropecu\u00e1ria, Comercial e Industrial de&nbsp;<span class=\"highlightNode\">Itapiranga<\/span>chega \u00e0 sua 10\u00aa edi\u00e7\u00e3o com muitas inova\u00e7\u00f5es. O pontap\u00e9 inicial foi dado na manh\u00e3 desta ter\u00e7a-feira, 6, em reuni\u00e3o no gabinete do prefeito Jorge Welter. O encontro contou com membros da comiss\u00e3o organizadora,<span class=\"highlightNode\">Assemit<\/span>&nbsp;e administra\u00e7\u00e3o municipa<span class=\"text_exposed_show\">l, que j\u00e1 trabalham unidos nos encaminhamentos para a feira \u2013 que tradicionalmente acontece a cada dois anos.<br \/>\nCom as datas definidas, iniciou a forma\u00e7\u00e3o das comiss\u00f5es que trabalhar\u00e3o at\u00e9 maio de 2019 na organiza\u00e7\u00e3o da agropecu\u00e1ria, contrata\u00e7\u00e3o de shows e atra\u00e7\u00f5es, cultura e lazer, neg\u00f3cios e gastronomia. Em todos os setores, a Efrait 2019 promete novidades e amplia\u00e7\u00f5es. Na parte estrutural do Complexo Oktober haver\u00e1 investimentos por parte do munic\u00edpio, para proporcionar melhorias aos expositores e visitantes.<\/span><\/p>\n<p><a href=\"http:\/\/www.assemit.com.br\/novo2017\/wp-content\/uploads\/2018\/02\/a.jpg\"><img loading=\"lazy\" decoding=\"async\" class=\"alignnone size-large wp-image-1699\" src=\"http:\/\/www.assemit.com.br\/novo2017\/wp-content\/uploads\/2018\/02\/a-1024x683.jpg\" alt=\"\" width=\"660\" height=\"440\" srcset=\"https:\/\/assemit.com.br\/novo\/wp-content\/uploads\/2018\/02\/a-1024x683.jpg 1024w, https:\/\/assemit.com.br\/novo\/wp-content\/uploads\/2018\/02\/a-300x200.jpg 300w, https:\/\/assemit.com.br\/novo\/wp-content\/uploads\/2018\/02\/a-768x512.jpg 768w, https:\/\/assemit.com.br\/novo\/wp-content\/uploads\/2018\/02\/a-619x413.jpg 619w\" sizes=\"auto, (max-width: 660px) 100vw, 660px\" \/><\/a> <a href=\"http:\/\/www.assemit.com.br\/novo2017\/wp-content\/uploads\/2018\/02\/c.jpg\"><img loading=\"lazy\" decoding=\"async\" class=\"alignnone wp-image-1700 size-large\" src=\"http:\/\/www.assemit.com.br\/novo2017\/wp-content\/uploads\/2018\/02\/c-1024x683.jpg\" alt=\"\" width=\"660\" height=\"440\" srcset=\"https:\/\/assemit.com.br\/novo\/wp-content\/uploads\/2018\/02\/c-1024x683.jpg 1024w, https:\/\/assemit.com.br\/novo\/wp-content\/uploads\/2018\/02\/c-300x200.jpg 300w, https:\/\/assemit.com.br\/novo\/wp-content\/uploads\/2018\/02\/c-768x512.jpg 768w, https:\/\/assemit.com.br\/novo\/wp-content\/uploads\/2018\/02\/c-619x413.jpg 619w\" sizes=\"auto, (max-width: 660px) 100vw, 660px\" \/><\/a><\/p>\n","protected":false},"excerpt":{"rendered":"<p>Ap\u00f3s uma edi\u00e7\u00e3o repleta de novidades e evolu\u00e7\u00f5es no ano de 2017, a pr\u00f3xima Efrait j\u00e1 tem data marcada: ser\u00e1 de 3 a 5 de maio de 2019.&nbsp; A Exposi\u00e7\u00e3o Feira Agropecu\u00e1ria, Comercial e Industrial de&nbsp;Itapirangachega \u00e0 sua 10\u00aa edi\u00e7\u00e3o [&hellip;]<\/p>\n","protected":false},"author":1,"featured_media":0,"comment_status":"closed","ping_status":"closed","sticky":false,"template":"","format":"standard","meta":{"ngg_post_thumbnail":0,"footnotes":""},"categories":[6],"tags":[],"class_list":["post-1698","post","type-post","status-publish","format-standard","hentry","category-novidades"],"_links":{"self":[{"href":"https:\/\/assemit.com.br\/novo\/index.php?rest_route=\/wp\/v2\/posts\/1698","targetHints":{"allow":["GET"]}}],"collection":[{"href":"https:\/\/assemit.com.br\/novo\/index.php?rest_route=\/wp\/v2\/posts"}],"about":[{"href":"https:\/\/assemit.com.br\/novo\/index.php?rest_route=\/wp\/v2\/types\/post"}],"author":[{"embeddable":true,"href":"https:\/\/assemit.com.br\/novo\/index.php?rest_route=\/wp\/v2\/users\/1"}],"replies":[{"embeddable":true,"href":"https:\/\/assemit.com.br\/novo\/index.php?rest_route=%2Fwp%2Fv2%2Fcomments&post=1698"}],"version-history":[{"count":2,"href":"https:\/\/assemit.com.br\/novo\/index.php?rest_route=\/wp\/v2\/posts\/1698\/revisions"}],"predecessor-version":[{"id":1702,"href":"https:\/\/assemit.com.br\/novo\/index.php?rest_route=\/wp\/v2\/posts\/1698\/revisions\/1702"}],"wp:attachment":[{"href":"https:\/\/assemit.com.br\/novo\/index.php?rest_route=%2Fwp%2Fv2%2Fmedia&parent=1698"}],"wp:term":[{"taxonomy":"category","embeddable":true,"href":"https:\/\/assemit.com.br\/novo\/index.php?rest_route=%2Fwp%2Fv2%2Fcategories&post=1698"},{"taxonomy":"post_tag","embeddable":true,"href":"https:\/\/assemit.com.br\/novo\/index.php?rest_route=%2Fwp%2Fv2%2Ftags&post=1698"}],"curies":[{"name":"wp","href":"https:\/\/api.w.org\/{rel}","templated":true}]}}