{"id":17,"date":"2014-10-25T20:27:05","date_gmt":"2014-10-25T20:27:05","guid":{"rendered":"http:\/\/novo2017.assemit.com.br\/?p=17"},"modified":"2014-10-25T20:27:05","modified_gmt":"2014-10-25T20:27:05","slug":"assemit-elege-diretoria-para-gestao-201516","status":"publish","type":"post","link":"https:\/\/assemit.com.br\/novo\/?p=17","title":{"rendered":"Assemit elege diretoria para gest\u00e3o 2015\/16"},"content":{"rendered":"<p style=\"text-align: justify;\"><img decoding=\"async\" class=\" size-full wp-image-12\" src=\"http:\/\/novo2017.assemit.com.br\/wp-content\/uploads\/2014\/10\/assemit%202.jpg\" border=\"0\" width=\"650\" \/><br \/>Na noite de sexta-feira, 24, a Associa\u00e7\u00e3o dos Empres\u00e1rios de Itapiranga \u2013 Assemit elegeu sua nova diretoria, em assembleia no complexo Oktober. Elton Maldaner presidir\u00e1 a entidade por mais dois anos, tendo como vice Lazi\u00ea de Col. Secret\u00e1ria &#8211; Cristiani Werlang; vice &#8211; Valdir Bourscheid; tesoureiro &#8211; Guido Flach; vice &#8211; Clemente Schnorrenberger; conselho fiscal &#8211; Pedro Kunrath, Lourdes Lengert e Ivete Friedrich. Suplentes &#8211; Marino Spies, Celiomar Crestani e Gabriel Celuppi; comunica\u00e7\u00e3o &#8211; Rafael Stuelp; departamento de prote\u00e7\u00e3o ao cr\u00e9dito &#8211; Nirton Follmann; departamento de aperfei\u00e7oamento profissional &#8211; Katia Engel\/Carla Sehn; departamento do empreender &#8211; Odir Fank; departamento de eventos e show da sorte: Cleusa Guareschi \/Lairton Koerbes; assessoria jur\u00eddica: Airton Sehn; Conselho Deliberativo: Carlise Werlang, \u00c9lbio Schimuneck e Afonso Niehues.<\/p>\n<p style=\"box-sizing: border-box; margin: 0px 0px 10px; text-align: justify;\">\u201cAssumi o compromisso de continuar esse trabalho volunt\u00e1rio e desafiador em defesa da classe empresarial. Junto com a equipe da diretoria, faremos o melhor poss\u00edvel para fortalecer nossos associados\u201d, afirma Elton Maldaner. Segundo ele, a promo\u00e7\u00e3o anual \u2018Show da Sorte\u2019 est\u00e1 em andamento, al\u00e9m de atividades e a\u00e7\u00f5es diversas. O evento principal organizado pela Assemit em parceria com a prefeitura \u00e9 a Efrait, maior feira do munic\u00edpio, que acontece de 1\u00ba a 3 de maio de 2015. \u201cNosso objetivo \u00e9 promover a maior feira da hist\u00f3ria\u201d, diz. A diretoria tamb\u00e9m pretende mudar ou adquirir uma sede para a entidade e pleitear, de forma incans\u00e1vel, a instala\u00e7\u00e3o de nova \u00e1rea industrial no munic\u00edpio, al\u00e9m de outras reivindica\u00e7\u00f5es e iniciativas que est\u00e3o previstas para a nova gest\u00e3o.<\/p>\n<p style=\"box-sizing: border-box; margin: 0px 0px 10px; text-align: justify;\">Durante a assembleia tamb\u00e9m foi apresentado o n\u00facleo da mulher empres\u00e1ria e abordados assuntos de interesse dos associados. Ap\u00f3s a reuni\u00e3o, foi servido o tradicional jantar festivo, com prato t\u00edpico preparado pelo restaurante Manchini.<\/p>\n<p style=\"box-sizing: border-box; margin: 0px 0px 10px; text-align: justify;\">Mais fotos em <a href=\"http:\/\/www.portalfo.com.br\/noticias\/2062\/assemit-elege-diretoria-para-gestao-201516\" target=\"_blank\"><strong>Portal FO<\/strong><\/a><\/p>\n<p><img decoding=\"async\" class=\" size-full wp-image-13\" src=\"http:\/\/novo2017.assemit.com.br\/wp-content\/uploads\/2014\/10\/assemit%201.jpg\" border=\"0\" width=\"650\" \/> <img decoding=\"async\" class=\" size-full wp-image-14\" src=\"http:\/\/novo2017.assemit.com.br\/wp-content\/uploads\/2014\/10\/assemit%204.jpg\" border=\"0\" width=\"650\" \/> <img decoding=\"async\" class=\" size-full wp-image-15\" src=\"http:\/\/novo2017.assemit.com.br\/wp-content\/uploads\/2014\/10\/assemit%203.jpg\" border=\"0\" width=\"650\" \/> <img decoding=\"async\" class=\" size-full wp-image-16\" src=\"http:\/\/novo2017.assemit.com.br\/wp-content\/uploads\/2014\/10\/assemit%205.jpg\" border=\"0\" width=\"650\" \/><\/p>\n","protected":false},"excerpt":{"rendered":"<p>Na noite de sexta-feira, 24, a Associa\u00e7\u00e3o dos Empres\u00e1rios de Itapiranga \u2013 Assemit elegeu sua nova diretoria, em assembleia no complexo Oktober. Elton Maldaner presidir\u00e1 a entidade por mais dois anos, tendo como vice Lazi\u00ea de Col. Secret\u00e1ria &#8211; Cristiani [&hellip;]<\/p>\n","protected":false},"author":1,"featured_media":12,"comment_status":"open","ping_status":"open","sticky":false,"template":"","format":"standard","meta":{"ngg_post_thumbnail":0,"footnotes":""},"categories":[6],"tags":[],"class_list":["post-17","post","type-post","status-publish","format-standard","has-post-thumbnail","hentry","category-novidades"],"_links":{"self":[{"href":"https:\/\/assemit.com.br\/novo\/index.php?rest_route=\/wp\/v2\/posts\/17","targetHints":{"allow":["GET"]}}],"collection":[{"href":"https:\/\/assemit.com.br\/novo\/index.php?rest_route=\/wp\/v2\/posts"}],"about":[{"href":"https:\/\/assemit.com.br\/novo\/index.php?rest_route=\/wp\/v2\/types\/post"}],"author":[{"embeddable":true,"href":"https:\/\/assemit.com.br\/novo\/index.php?rest_route=\/wp\/v2\/users\/1"}],"replies":[{"embeddable":true,"href":"https:\/\/assemit.com.br\/novo\/index.php?rest_route=%2Fwp%2Fv2%2Fcomments&post=17"}],"version-history":[{"count":0,"href":"https:\/\/assemit.com.br\/novo\/index.php?rest_route=\/wp\/v2\/posts\/17\/revisions"}],"wp:featuredmedia":[{"embeddable":true,"href":"https:\/\/assemit.com.br\/novo\/index.php?rest_route=\/wp\/v2\/media\/12"}],"wp:attachment":[{"href":"https:\/\/assemit.com.br\/novo\/index.php?rest_route=%2Fwp%2Fv2%2Fmedia&parent=17"}],"wp:term":[{"taxonomy":"category","embeddable":true,"href":"https:\/\/assemit.com.br\/novo\/index.php?rest_route=%2Fwp%2Fv2%2Fcategories&post=17"},{"taxonomy":"post_tag","embeddable":true,"href":"https:\/\/assemit.com.br\/novo\/index.php?rest_route=%2Fwp%2Fv2%2Ftags&post=17"}],"curies":[{"name":"wp","href":"https:\/\/api.w.org\/{rel}","templated":true}]}}