{"id":1704,"date":"2018-04-10T19:09:04","date_gmt":"2018-04-10T22:09:04","guid":{"rendered":"http:\/\/www.assemit.com.br\/novo2017\/?p=1704"},"modified":"2018-04-15T09:38:14","modified_gmt":"2018-04-15T12:38:14","slug":"assemit-inaugura-ampla-sede-propria","status":"publish","type":"post","link":"https:\/\/assemit.com.br\/novo\/?p=1704","title":{"rendered":"Assemit inaugura ampla sede pr\u00f3pria"},"content":{"rendered":"<p>A Associa\u00e7\u00e3o dos Empres\u00e1rios de Itapiranga (Assemit) inaugurou na manh\u00e3 de s\u00e1bado, 07\/04, sua nova sede administrativa. A programa\u00e7\u00e3o contou com um cerimonial simples e r\u00e1pido, seguido de recep\u00e7\u00e3o aos associados e convidados acompanhado de coffee e visita\u00e7\u00e3o \u00e0s instala\u00e7\u00f5es.<br \/>\nA sede vai estar a disposi\u00e7\u00e3o dos associados e estar\u00e1 aberta para visitas durante a semana. Sintam-se todos convidados e desde j\u00e1 muito bem-vindos.<\/p>\n<div class=\"col-xs-12 col-sm-9 col-md-9 col-lg-8\">\n<article>Publica\u00e7\u00e3o da <a href=\"http:\/\/facisc.org.br\/noticias\/assemit-inaugura-nova-sede\/\" target=\"_blank\" rel=\"noopener\">FACISC<\/a><\/p>\n<p>Fundada em&nbsp;2002, a partir da unifica\u00e7\u00e3o da ACIT e CDL, a Assemit inaugurou no \u00faltimo dia 7\/04 a sua nova sede. A entidade adquiriu no ano 2000 uma sala comercial com 29m\u00b2, que em dois anos tornou-se pequena para as atividades da Associa\u00e7\u00e3o que assim buscou um espa\u00e7o f\u00edsico maior.<\/p>\n<p>Em 2015, a Associa\u00e7\u00e3o conseguiu adquirir na planta sua sede pr\u00f3pria. Com 300m\u00b2, um audit\u00f3rio para 125 lugares, com uma ampla sala de reuni\u00f5es com dois ambientes e sala de&nbsp;atendimento, o local supriu as necessidades da entidade, em rela\u00e7\u00e3o a seu espa\u00e7o f\u00edsico.<\/p>\n<p>Desde 2003 a Associa\u00e7\u00e3o auxilia na realiza\u00e7\u00e3o das feiras, e a partir de 2007 assumiu toda a coordena\u00e7\u00e3o da Exposi\u00e7\u00e3o Comercial e Industrial.&nbsp;&nbsp;\u201cCom orgulho podemos dizer que a sede da entidade foi adquirida com o valor da sala anterior e com os resultados das feiras entre 2007 e 2017\u201d, ressalta o presidente da Associa\u00e7\u00e3o, Clemente Schnorrenberger.<\/p>\n<\/article>\n<\/div>\n<div class=\"hidden-xs col-sm-3 col-md-3 col-lg-3\">\n<div class=\"sidebar-geral _noticias\">\n<div class=\"sidebar-inner filtro\">&nbsp;<\/div>\n<\/div>\n<\/div>\nngg_shortcode_0_placeholder\n","protected":false},"excerpt":{"rendered":"<p>A Associa\u00e7\u00e3o dos Empres\u00e1rios de Itapiranga (Assemit) inaugurou na manh\u00e3 de s\u00e1bado, 07\/04, sua nova sede administrativa. A programa\u00e7\u00e3o contou com um cerimonial simples e r\u00e1pido, seguido de recep\u00e7\u00e3o aos associados e convidados acompanhado de coffee e visita\u00e7\u00e3o \u00e0s instala\u00e7\u00f5es. [&hellip;]<\/p>\n","protected":false},"author":1,"featured_media":0,"comment_status":"closed","ping_status":"closed","sticky":false,"template":"","format":"standard","meta":{"ngg_post_thumbnail":0,"footnotes":""},"categories":[6],"tags":[],"class_list":["post-1704","post","type-post","status-publish","format-standard","hentry","category-novidades"],"_links":{"self":[{"href":"https:\/\/assemit.com.br\/novo\/index.php?rest_route=\/wp\/v2\/posts\/1704","targetHints":{"allow":["GET"]}}],"collection":[{"href":"https:\/\/assemit.com.br\/novo\/index.php?rest_route=\/wp\/v2\/posts"}],"about":[{"href":"https:\/\/assemit.com.br\/novo\/index.php?rest_route=\/wp\/v2\/types\/post"}],"author":[{"embeddable":true,"href":"https:\/\/assemit.com.br\/novo\/index.php?rest_route=\/wp\/v2\/users\/1"}],"replies":[{"embeddable":true,"href":"https:\/\/assemit.com.br\/novo\/index.php?rest_route=%2Fwp%2Fv2%2Fcomments&post=1704"}],"version-history":[{"count":5,"href":"https:\/\/assemit.com.br\/novo\/index.php?rest_route=\/wp\/v2\/posts\/1704\/revisions"}],"predecessor-version":[{"id":1745,"href":"https:\/\/assemit.com.br\/novo\/index.php?rest_route=\/wp\/v2\/posts\/1704\/revisions\/1745"}],"wp:attachment":[{"href":"https:\/\/assemit.com.br\/novo\/index.php?rest_route=%2Fwp%2Fv2%2Fmedia&parent=1704"}],"wp:term":[{"taxonomy":"category","embeddable":true,"href":"https:\/\/assemit.com.br\/novo\/index.php?rest_route=%2Fwp%2Fv2%2Fcategories&post=1704"},{"taxonomy":"post_tag","embeddable":true,"href":"https:\/\/assemit.com.br\/novo\/index.php?rest_route=%2Fwp%2Fv2%2Ftags&post=1704"}],"curies":[{"name":"wp","href":"https:\/\/api.w.org\/{rel}","templated":true}]}}