{"id":1747,"date":"2018-04-19T15:50:00","date_gmt":"2018-04-19T18:50:00","guid":{"rendered":"http:\/\/www.assemit.com.br\/novo2017\/?p=1747"},"modified":"2018-04-19T15:57:00","modified_gmt":"2018-04-19T18:57:00","slug":"assemit-realiza-as-1a-assembleia-na-nova-sede","status":"publish","type":"post","link":"https:\/\/assemit.com.br\/novo\/?p=1747","title":{"rendered":"Assemit realiza 1\u00aa assembleia na Nova Sede"},"content":{"rendered":"<p>A Assemit realizou na noite de noite a 1\u00aa Assembleia na Sede Nova. Foi realizada Assembleia Geral Extraordin\u00e1ria seguida da Assembleia Geral Ordin\u00e1ria com altera\u00e7\u00e3o estatut\u00e1ria, apresenta\u00e7\u00e3o dos demonstrativos financeiros, parecer do conselho fiscal e apresenta\u00e7\u00e3o da agenda do m\u00eas de abril e maio.<\/p>\n<p>Na sequ\u00eancia, foram tratados diversos assuntos: A Semana Estadual dos N\u00facleos Empresariais, com a palestra de Luciano Buligon, Prefeito de Chapec\u00f3, com o tema \u201cDesenvolvimento do Oeste Catarinense e suas Potencialidades\u201d; Encontro sobre o Protesto Expresso e outras divulga\u00e7\u00f5es. Para encerrar, foi feita uma homenagem \u00e0 funcion\u00e1ria Raquel, pelos 10 anos de dedica\u00e7\u00e3o, comprometimento, amor e trabalho incans\u00e1vel pela Associa\u00e7\u00e3o.<\/p>\nngg_shortcode_0_placeholder\n<p>&nbsp;&nbsp;<\/p>\n","protected":false},"excerpt":{"rendered":"<p>A Assemit realizou na noite de noite a 1\u00aa Assembleia na Sede Nova. Foi realizada Assembleia Geral Extraordin\u00e1ria seguida da Assembleia Geral Ordin\u00e1ria com altera\u00e7\u00e3o estatut\u00e1ria, apresenta\u00e7\u00e3o dos demonstrativos financeiros, parecer do conselho fiscal e apresenta\u00e7\u00e3o da agenda do m\u00eas [&hellip;]<\/p>\n","protected":false},"author":1,"featured_media":0,"comment_status":"closed","ping_status":"closed","sticky":false,"template":"","format":"standard","meta":{"ngg_post_thumbnail":0,"footnotes":""},"categories":[6],"tags":[],"class_list":["post-1747","post","type-post","status-publish","format-standard","hentry","category-novidades"],"_links":{"self":[{"href":"https:\/\/assemit.com.br\/novo\/index.php?rest_route=\/wp\/v2\/posts\/1747","targetHints":{"allow":["GET"]}}],"collection":[{"href":"https:\/\/assemit.com.br\/novo\/index.php?rest_route=\/wp\/v2\/posts"}],"about":[{"href":"https:\/\/assemit.com.br\/novo\/index.php?rest_route=\/wp\/v2\/types\/post"}],"author":[{"embeddable":true,"href":"https:\/\/assemit.com.br\/novo\/index.php?rest_route=\/wp\/v2\/users\/1"}],"replies":[{"embeddable":true,"href":"https:\/\/assemit.com.br\/novo\/index.php?rest_route=%2Fwp%2Fv2%2Fcomments&post=1747"}],"version-history":[{"count":6,"href":"https:\/\/assemit.com.br\/novo\/index.php?rest_route=\/wp\/v2\/posts\/1747\/revisions"}],"predecessor-version":[{"id":1785,"href":"https:\/\/assemit.com.br\/novo\/index.php?rest_route=\/wp\/v2\/posts\/1747\/revisions\/1785"}],"wp:attachment":[{"href":"https:\/\/assemit.com.br\/novo\/index.php?rest_route=%2Fwp%2Fv2%2Fmedia&parent=1747"}],"wp:term":[{"taxonomy":"category","embeddable":true,"href":"https:\/\/assemit.com.br\/novo\/index.php?rest_route=%2Fwp%2Fv2%2Fcategories&post=1747"},{"taxonomy":"post_tag","embeddable":true,"href":"https:\/\/assemit.com.br\/novo\/index.php?rest_route=%2Fwp%2Fv2%2Ftags&post=1747"}],"curies":[{"name":"wp","href":"https:\/\/api.w.org\/{rel}","templated":true}]}}