{"id":175,"date":"2013-10-04T14:00:13","date_gmt":"2013-10-04T14:00:13","guid":{"rendered":"http:\/\/novo2017.assemit.com.br\/?p=175"},"modified":"2013-10-04T14:00:13","modified_gmt":"2013-10-04T14:00:13","slug":"assemit-realizar-palestras-para-empresas-do-municipio","status":"publish","type":"post","link":"https:\/\/assemit.com.br\/novo\/?p=175","title":{"rendered":"Assemit realiza palestra para empresas do munic\u00edpio"},"content":{"rendered":"<p style=\"text-align: justify;\">Nesta quarta-feira dia 02 de Outubro, a ASSEMIT em parceria com a FACISC, realizou a Palestra: Novo Cen\u00e1rio Fiscal, com o palestrante Valmor Mayer, consultor empresarial. Na palestra estiveram presentes mais de 120 pessoas.<br \/>Durante a palestra foram tratados diversos assuntos: Pr\u00e1ticas de NF-e (Nota Fiscal Eletr\u00f4nica) e Sped Fiscal, o novo cen\u00e1rio fiscal previsto para os pr\u00f3ximos anos da Secret\u00e1ria da Fazenda, esclarecimentos de d\u00favidas sobre armazenamento e autenticidade do XML, entre outros.<br \/>Valmor tamb\u00e9m falou sobre o XML Empresarial, produto lan\u00e7ado pela FACISC para auxiliar as empresas no Armazenamento do arquivo XML, Disponibilidade do arquivo XML ao destinat\u00e1rio, Valida\u00e7\u00e3o da autenticidade dos arquivos XML, entre outros. <br \/>Este produto est\u00e1 dispon\u00edvel na ASSEMIT para os associados, empresas n\u00e3o associadas tamb\u00e9m podem entrar em contato para saber do servi\u00e7o oferecido. <br \/><img loading=\"lazy\" decoding=\"async\" class=\" size-full wp-image-174\" src=\"http:\/\/novo2017.assemit.com.br\/wp-content\/uploads\/2013\/10\/palestra.jpg\" border=\"0\" width=\"700\" height=\"466\" srcset=\"https:\/\/assemit.com.br\/novo\/wp-content\/uploads\/2013\/10\/palestra.jpg 700w, https:\/\/assemit.com.br\/novo\/wp-content\/uploads\/2013\/10\/palestra-300x200.jpg 300w, https:\/\/assemit.com.br\/novo\/wp-content\/uploads\/2013\/10\/palestra-619x412.jpg 619w\" sizes=\"auto, (max-width: 700px) 100vw, 700px\" \/><\/p>\n","protected":false},"excerpt":{"rendered":"<p>Nesta quarta-feira dia 02 de Outubro, a ASSEMIT em parceria com a FACISC, realizou a Palestra: Novo Cen\u00e1rio Fiscal, com o palestrante Valmor Mayer, consultor empresarial. Na palestra estiveram presentes mais de 120 pessoas.Durante a palestra foram tratados diversos assuntos: [&hellip;]<\/p>\n","protected":false},"author":1,"featured_media":174,"comment_status":"open","ping_status":"open","sticky":false,"template":"","format":"standard","meta":{"ngg_post_thumbnail":0,"footnotes":""},"categories":[6],"tags":[],"class_list":["post-175","post","type-post","status-publish","format-standard","has-post-thumbnail","hentry","category-novidades"],"_links":{"self":[{"href":"https:\/\/assemit.com.br\/novo\/index.php?rest_route=\/wp\/v2\/posts\/175","targetHints":{"allow":["GET"]}}],"collection":[{"href":"https:\/\/assemit.com.br\/novo\/index.php?rest_route=\/wp\/v2\/posts"}],"about":[{"href":"https:\/\/assemit.com.br\/novo\/index.php?rest_route=\/wp\/v2\/types\/post"}],"author":[{"embeddable":true,"href":"https:\/\/assemit.com.br\/novo\/index.php?rest_route=\/wp\/v2\/users\/1"}],"replies":[{"embeddable":true,"href":"https:\/\/assemit.com.br\/novo\/index.php?rest_route=%2Fwp%2Fv2%2Fcomments&post=175"}],"version-history":[{"count":0,"href":"https:\/\/assemit.com.br\/novo\/index.php?rest_route=\/wp\/v2\/posts\/175\/revisions"}],"wp:featuredmedia":[{"embeddable":true,"href":"https:\/\/assemit.com.br\/novo\/index.php?rest_route=\/wp\/v2\/media\/174"}],"wp:attachment":[{"href":"https:\/\/assemit.com.br\/novo\/index.php?rest_route=%2Fwp%2Fv2%2Fmedia&parent=175"}],"wp:term":[{"taxonomy":"category","embeddable":true,"href":"https:\/\/assemit.com.br\/novo\/index.php?rest_route=%2Fwp%2Fv2%2Fcategories&post=175"},{"taxonomy":"post_tag","embeddable":true,"href":"https:\/\/assemit.com.br\/novo\/index.php?rest_route=%2Fwp%2Fv2%2Ftags&post=175"}],"curies":[{"name":"wp","href":"https:\/\/api.w.org\/{rel}","templated":true}]}}