{"id":176,"date":"2013-09-13T12:55:11","date_gmt":"2013-09-13T12:55:11","guid":{"rendered":"http:\/\/novo2017.assemit.com.br\/?p=176"},"modified":"2013-09-13T12:55:11","modified_gmt":"2013-09-13T12:55:11","slug":"nucleo-jovem-empreendedor-itapiranguense-realiza-mais-uma-edicao-do-feirao-do-imposto","status":"publish","type":"post","link":"https:\/\/assemit.com.br\/novo\/?p=176","title":{"rendered":"JEI realiza mais uma edi\u00e7\u00e3o do Feir\u00e3o do Imposto"},"content":{"rendered":"<p style=\"text-align: justify;\">O Feir\u00e3o do Imposto \u00e9 um projeto legitimamente dos jovens empreendedores e empres\u00e1rios do Brasil, lidados a Confedera\u00e7\u00e3o Nacional dos Jovens Empres\u00e1rios (CONAJE). O Feir\u00e3o do Imposto veio para informar, de forma transparente, a popula\u00e7\u00e3o acerca da alta carga de impostos pagos sobre todos os servi\u00e7os e bens de consumo.<\/p>\n<p style=\"text-align: justify;\">No estado o Feir\u00e3o do Imposto \u00e9 uma realiza\u00e7\u00e3o do Conselho Estadual do Jovem Empreendedor de Santa Catarina (CEJESC), atrav\u00e9s dos N\u00facleos de Jovens empreendedores dos munic\u00edpios onde atuam e conta com o apoio institucional da Federa\u00e7\u00e3o das Associa\u00e7\u00f5es Empresariais de Santa Catarina (FACISC), Confedera\u00e7\u00e3o Nacional dos Jovens Empres\u00e1rios (CONAJE) e Movimento Brasil Eficiente (MBE).<\/p>\n<p style=\"text-align: justify;\">Em Itapiranga o evento acontecer\u00e1 no s\u00e1bado dia 28 de setembro na pra\u00e7a das bandeiras pr\u00f3ximo ao Sicoob, a partir das 09h00min. No local ter\u00e1 exposi\u00e7\u00e3o de diversos produtos com seus valores e suas respectivas cargas tribut\u00e1rias. O objetivo \u00e9 chamar a aten\u00e7\u00e3o da popula\u00e7\u00e3o para a alta carga tribut\u00e1ria que o consumidor paga em cada produto que ele compra. Al\u00e9m da exposi\u00e7\u00e3o, os visitantes poder\u00e3o ser contemplados com v\u00e1rios pr\u00eamios que ser\u00e3o sorteados, al\u00e9m de poder ser sorteado com o direito de compra de v\u00e1rios produtos sem impostos. Mas o objetivo maior da edi\u00e7\u00e3o deste ano n\u00e3o \u00e9 a venda de produtos sem impostos e sim focar energia e recursos na busca de assinaturas do MBE &#8211; Movimento Brasil Eficiente.<\/p>\n<p style=\"text-align: justify;\"><img loading=\"lazy\" decoding=\"async\" src=\"http:\/\/www.assemit.com.br\/images\/stories\/feirao.jpg\" border=\"0\" width=\"544\" height=\"776\" \/><\/p>\n<p>\u00a0<\/p>\n","protected":false},"excerpt":{"rendered":"<p>O Feir\u00e3o do Imposto \u00e9 um projeto legitimamente dos jovens empreendedores e empres\u00e1rios do Brasil, lidados a Confedera\u00e7\u00e3o Nacional dos Jovens Empres\u00e1rios (CONAJE). O Feir\u00e3o do Imposto veio para informar, de forma transparente, a popula\u00e7\u00e3o acerca da alta carga de [&hellip;]<\/p>\n","protected":false},"author":1,"featured_media":0,"comment_status":"open","ping_status":"open","sticky":false,"template":"","format":"standard","meta":{"ngg_post_thumbnail":0,"footnotes":""},"categories":[6],"tags":[],"class_list":["post-176","post","type-post","status-publish","format-standard","hentry","category-novidades"],"_links":{"self":[{"href":"https:\/\/assemit.com.br\/novo\/index.php?rest_route=\/wp\/v2\/posts\/176","targetHints":{"allow":["GET"]}}],"collection":[{"href":"https:\/\/assemit.com.br\/novo\/index.php?rest_route=\/wp\/v2\/posts"}],"about":[{"href":"https:\/\/assemit.com.br\/novo\/index.php?rest_route=\/wp\/v2\/types\/post"}],"author":[{"embeddable":true,"href":"https:\/\/assemit.com.br\/novo\/index.php?rest_route=\/wp\/v2\/users\/1"}],"replies":[{"embeddable":true,"href":"https:\/\/assemit.com.br\/novo\/index.php?rest_route=%2Fwp%2Fv2%2Fcomments&post=176"}],"version-history":[{"count":0,"href":"https:\/\/assemit.com.br\/novo\/index.php?rest_route=\/wp\/v2\/posts\/176\/revisions"}],"wp:attachment":[{"href":"https:\/\/assemit.com.br\/novo\/index.php?rest_route=%2Fwp%2Fv2%2Fmedia&parent=176"}],"wp:term":[{"taxonomy":"category","embeddable":true,"href":"https:\/\/assemit.com.br\/novo\/index.php?rest_route=%2Fwp%2Fv2%2Fcategories&post=176"},{"taxonomy":"post_tag","embeddable":true,"href":"https:\/\/assemit.com.br\/novo\/index.php?rest_route=%2Fwp%2Fv2%2Ftags&post=176"}],"curies":[{"name":"wp","href":"https:\/\/api.w.org\/{rel}","templated":true}]}}