{"id":1788,"date":"2018-04-26T17:48:47","date_gmt":"2018-04-26T20:48:47","guid":{"rendered":"http:\/\/www.assemit.com.br\/novo2017\/?p=1788"},"modified":"2018-05-14T18:01:16","modified_gmt":"2018-05-14T21:01:16","slug":"luciano-buligon-palestra-para-empresarios","status":"publish","type":"post","link":"https:\/\/assemit.com.br\/novo\/?p=1788","title":{"rendered":"Luciano Buligon palestra para empres\u00e1rios"},"content":{"rendered":"<p>A Assemit realizou na noite de ontem (25\/04) a palestra \u201cDESENVOLVIMENTO DO OESTE CATARINENSE E SUAS POTENCIALIDADES\u201d ministrada pelo prefeito de Chapec\u00f3, Luciano Jos\u00e9 Buligon, complementando a programa\u00e7\u00e3o da Semana dos N\u00facleos Empresariais, que acontece em todo o estado de Santa Catarina, de 23 a 27 de Abril.<\/p>\n<p>Fazendo um resgate hist\u00f3rico da nossa regi\u00e3o, intercalando com relatos de como foi enfrentar a trag\u00e9dia do acidente a\u00e9reo da Associa\u00e7\u00e3o Chapecoense de Futebol, Luciano&nbsp;<span class=\"text_exposed_show\">relatou como foram incr\u00edveis suas experi\u00eancias como prefeito e l\u00edder. A regi\u00e3o Oeste Catarinense \u00e9 a maior produtora de prote\u00edna animal no mundo, exportamos para 60 pa\u00edses. <\/span><\/p>\n<p><span class=\"text_exposed_show\">Com essas informa\u00e7\u00f5es, a palestra trouxe para o momento a import\u00e2ncia de exaltar a nossa potencialidade e inspirar a todos a valorizar ainda mais nossa regi\u00e3o, nossa fam\u00edlia e os princ\u00edpios que trazemos conosco desde a nossa coloniza\u00e7\u00e3o. Agradecemos ao Sr. Luciano por esse momento de aprendizado, troca de experi\u00eancias e principalmente por atender com tanta aten\u00e7\u00e3o a nossa entidade e compartilhar seu conhecimento conosco.<\/span><\/p>\nngg_shortcode_0_placeholder\n","protected":false},"excerpt":{"rendered":"<p>A Assemit realizou na noite de ontem (25\/04) a palestra \u201cDESENVOLVIMENTO DO OESTE CATARINENSE E SUAS POTENCIALIDADES\u201d ministrada pelo prefeito de Chapec\u00f3, Luciano Jos\u00e9 Buligon, complementando a programa\u00e7\u00e3o da Semana dos N\u00facleos Empresariais, que acontece em todo o estado de [&hellip;]<\/p>\n","protected":false},"author":1,"featured_media":0,"comment_status":"closed","ping_status":"closed","sticky":false,"template":"","format":"standard","meta":{"ngg_post_thumbnail":0,"footnotes":""},"categories":[6],"tags":[],"class_list":["post-1788","post","type-post","status-publish","format-standard","hentry","category-novidades"],"_links":{"self":[{"href":"https:\/\/assemit.com.br\/novo\/index.php?rest_route=\/wp\/v2\/posts\/1788","targetHints":{"allow":["GET"]}}],"collection":[{"href":"https:\/\/assemit.com.br\/novo\/index.php?rest_route=\/wp\/v2\/posts"}],"about":[{"href":"https:\/\/assemit.com.br\/novo\/index.php?rest_route=\/wp\/v2\/types\/post"}],"author":[{"embeddable":true,"href":"https:\/\/assemit.com.br\/novo\/index.php?rest_route=\/wp\/v2\/users\/1"}],"replies":[{"embeddable":true,"href":"https:\/\/assemit.com.br\/novo\/index.php?rest_route=%2Fwp%2Fv2%2Fcomments&post=1788"}],"version-history":[{"count":5,"href":"https:\/\/assemit.com.br\/novo\/index.php?rest_route=\/wp\/v2\/posts\/1788\/revisions"}],"predecessor-version":[{"id":1819,"href":"https:\/\/assemit.com.br\/novo\/index.php?rest_route=\/wp\/v2\/posts\/1788\/revisions\/1819"}],"wp:attachment":[{"href":"https:\/\/assemit.com.br\/novo\/index.php?rest_route=%2Fwp%2Fv2%2Fmedia&parent=1788"}],"wp:term":[{"taxonomy":"category","embeddable":true,"href":"https:\/\/assemit.com.br\/novo\/index.php?rest_route=%2Fwp%2Fv2%2Fcategories&post=1788"},{"taxonomy":"post_tag","embeddable":true,"href":"https:\/\/assemit.com.br\/novo\/index.php?rest_route=%2Fwp%2Fv2%2Ftags&post=1788"}],"curies":[{"name":"wp","href":"https:\/\/api.w.org\/{rel}","templated":true}]}}