{"id":179,"date":"2013-06-11T14:11:27","date_gmt":"2013-06-11T14:11:27","guid":{"rendered":"http:\/\/novo2017.assemit.com.br\/?p=179"},"modified":"2013-06-11T14:11:27","modified_gmt":"2013-06-11T14:11:27","slug":"edital-de-assembleia-geral-ordinaria-extraordinaria","status":"publish","type":"post","link":"https:\/\/assemit.com.br\/novo\/?p=179","title":{"rendered":"Edital de Assembleia Geral Ordin\u00e1ria \/ Extraordin\u00e1ria"},"content":{"rendered":"<p style=\"text-align: justify;\">EDITAL DE CONVOCA\u00c7\u00c3O<br \/>Assembleia Geral Ordin\u00e1ria \/ Extraordin\u00e1ria<\/p>\n<p>O Presidente da Associa\u00e7\u00e3o dos Empres\u00e1rios de Itapiranga \u2013 ASSEMIT, Sr. Elton Martinho Maldaner, no uso de suas atribui\u00e7\u00f5es que lhe confere Estatuto Social, convoca os associados para a Assembleia Geral Ordin\u00e1ria\/Extraordin\u00e1ria, a ser realizada no dia 18 de Junho de 2013, nas depend\u00eancias da Sala de Reuni\u00f5es da SICOOB &#8211; CREDITAPIRANGA, Centro, Itapiranga \u2013 SC, sendo para \u00e0s 19:00horas, em primeira convoca\u00e7\u00e3o e para as 19:30 em segunda convoca\u00e7\u00e3o, onde conforme Estatuto Social\u00a0 para a Reuni\u00e3o Ordin\u00e1ria com a presen\u00e7a de no m\u00ednimo de 50% mais um dos associados em pleno gozo de seus direitos e para a Reuni\u00e3o Extraordin\u00e1ria conforme artigo 50 do Estatuto Social, com presen\u00e7a no m\u00ednimo 2\/3 dos associados e aprova\u00e7\u00e3o de 50% mais 1 (um) dos presentes em condi\u00e7\u00e3o de votar e em segunda convoca\u00e7\u00e3o com a presen\u00e7a de 50% mais 1 (um) dos associados com aprova\u00e7\u00e3o de 50% mais 1 dos presentes, para deliberarem sobre a seguinte: <\/p>\n<p>ORDEM DO DIA DA ASSEMBLEIA ORDIN\u00c1RIA:<\/p>\n<p>1) Leitura da Ata da Reuni\u00e3o Anterior<br \/>2) Apresenta\u00e7\u00e3o de Novos Associados;<br \/>3) Cursos;<br \/>4) Plen\u00e1ria da FACISC ;<br \/>5) Outros assuntos de interesse social.<\/p>\n<p>ORDEM DO DIA DA ASSEMBLEIA EXTRAORDIN\u00c1RIA:<\/p>\n<p>1)\u00a0\u00a0\u00a0 Venda de Sala Comercial do Edif\u00edcio Edelweis.<\/p>\n<p> Itapiranga\/SC, 01 de Junho de 2013.<\/p>\n<p>______________________<br \/>Elton Martinho Maldaner<br \/>Presidente<\/p>\n","protected":false},"excerpt":{"rendered":"<p>EDITAL DE CONVOCA\u00c7\u00c3OAssembleia Geral Ordin\u00e1ria \/ Extraordin\u00e1ria O Presidente da Associa\u00e7\u00e3o dos Empres\u00e1rios de Itapiranga \u2013 ASSEMIT, Sr. Elton Martinho Maldaner, no uso de suas atribui\u00e7\u00f5es que lhe confere Estatuto Social, convoca os associados para a Assembleia Geral Ordin\u00e1ria\/Extraordin\u00e1ria, a [&hellip;]<\/p>\n","protected":false},"author":1,"featured_media":0,"comment_status":"open","ping_status":"open","sticky":false,"template":"","format":"standard","meta":{"ngg_post_thumbnail":0,"footnotes":""},"categories":[6],"tags":[],"class_list":["post-179","post","type-post","status-publish","format-standard","hentry","category-novidades"],"_links":{"self":[{"href":"https:\/\/assemit.com.br\/novo\/index.php?rest_route=\/wp\/v2\/posts\/179","targetHints":{"allow":["GET"]}}],"collection":[{"href":"https:\/\/assemit.com.br\/novo\/index.php?rest_route=\/wp\/v2\/posts"}],"about":[{"href":"https:\/\/assemit.com.br\/novo\/index.php?rest_route=\/wp\/v2\/types\/post"}],"author":[{"embeddable":true,"href":"https:\/\/assemit.com.br\/novo\/index.php?rest_route=\/wp\/v2\/users\/1"}],"replies":[{"embeddable":true,"href":"https:\/\/assemit.com.br\/novo\/index.php?rest_route=%2Fwp%2Fv2%2Fcomments&post=179"}],"version-history":[{"count":0,"href":"https:\/\/assemit.com.br\/novo\/index.php?rest_route=\/wp\/v2\/posts\/179\/revisions"}],"wp:attachment":[{"href":"https:\/\/assemit.com.br\/novo\/index.php?rest_route=%2Fwp%2Fv2%2Fmedia&parent=179"}],"wp:term":[{"taxonomy":"category","embeddable":true,"href":"https:\/\/assemit.com.br\/novo\/index.php?rest_route=%2Fwp%2Fv2%2Fcategories&post=179"},{"taxonomy":"post_tag","embeddable":true,"href":"https:\/\/assemit.com.br\/novo\/index.php?rest_route=%2Fwp%2Fv2%2Ftags&post=179"}],"curies":[{"name":"wp","href":"https:\/\/api.w.org\/{rel}","templated":true}]}}