{"id":18,"date":"2013-01-14T20:08:20","date_gmt":"2013-01-14T20:08:20","guid":{"rendered":"http:\/\/novo2017.assemit.com.br\/?p=18"},"modified":"2013-01-14T20:08:20","modified_gmt":"2013-01-14T20:08:20","slug":"diretoria-2013-2014","status":"publish","type":"post","link":"https:\/\/assemit.com.br\/novo\/?p=18","title":{"rendered":"Diretoria 2013-2014"},"content":{"rendered":"<p class=\"Legenda1\">Presidente: Elton M. Maldaner<\/p>\n<p class=\"Legenda1\">Vice: Lazie M. de Col<\/p>\n<p class=\"Legenda1\">Secret\u00e1ria: Ivete A Friedrich<\/p>\n<p class=\"Legenda1\">Vice: Cristiani Werlang<\/p>\n<p class=\"Legenda1\">Tesoureiro: Guido Flach<\/p>\n<p class=\"Legenda1\">Vice: Clemente Schnorrenberger<\/p>\n<p class=\"Legenda1\">Conselho Fiscal: Cleusa S. Guareschi, Cristian Reichert e\u00a0Daniel Rosolen<\/p>\n<p class=\"Legenda1\">Suplentes: Johny Griebeler,\u00a0Val\u00e9rio Niehues e\u00a0Pedro J. Kunrath<\/p>\n<p class=\"Legenda1\">Assessores de Comunica\u00e7\u00e3o: Alexandre da S. Siqueira e Gilvane Kern<\/p>\n<p class=\"Legenda1\" style=\"text-align: justify;\">Departamento de Com\u00e9rcio Nacional: Marino Spies e Edevaldo Kraemer<\/p>\n<p>Departamento Agropecu\u00e1rio: Celiomar Crestani<\/p>\n<p>Departamento Cultural, Social e Esportivo: Cibele Conrad<\/p>\n<p>Departamento da Ind\u00fastria: Rodrigo Zago<\/p>\n<p>Departamento de Servi\u00e7os de Prote\u00e7\u00e3o ao Cr\u00e9dito: Vald\u00e9cio Sehn<\/p>\n<p class=\"Legenda1\" style=\"text-align: justify;\">Departamento de Aperfei\u00e7oamento Profissional: Nirton Follmann<\/p>\n<p class=\"Legenda1\" style=\"text-align: justify;\">Departamento da Presta\u00e7\u00e3o de Servi\u00e7os: Gabriel Celuppi<\/p>\n<p class=\"Legenda1\" style=\"text-align: justify;\">Departamento de Turismo: Lairton Korbes<\/p>\n<p class=\"Legenda1\" style=\"text-align: justify;\">Assessoria Jur\u00eddica: Airton Sehn<\/p>\n<p class=\"Legenda1\" style=\"text-align: justify;\">Eventos e Show de Pr\u00eamios: Valdir Jos\u00e9 Bourcheid<\/p>\n<p class=\"Legenda1\" style=\"text-align: justify;\">Conselho Deliberativo: Carlise Welter Werlang, \u00c9lbio Schimuneck e Afonso Niehues<\/p>\n","protected":false},"excerpt":{"rendered":"<p>Presidente: Elton M. Maldaner Vice: Lazie M. de Col Secret\u00e1ria: Ivete A Friedrich Vice: Cristiani Werlang Tesoureiro: Guido Flach Vice: Clemente Schnorrenberger Conselho Fiscal: Cleusa S. Guareschi, Cristian Reichert e\u00a0Daniel Rosolen Suplentes: Johny Griebeler,\u00a0Val\u00e9rio Niehues e\u00a0Pedro J. Kunrath Assessores de [&hellip;]<\/p>\n","protected":false},"author":1,"featured_media":0,"comment_status":"open","ping_status":"open","sticky":false,"template":"","format":"standard","meta":{"ngg_post_thumbnail":0,"footnotes":""},"categories":[8],"tags":[],"class_list":["post-18","post","type-post","status-publish","format-standard","hentry","category-assemit-assemit"],"_links":{"self":[{"href":"https:\/\/assemit.com.br\/novo\/index.php?rest_route=\/wp\/v2\/posts\/18","targetHints":{"allow":["GET"]}}],"collection":[{"href":"https:\/\/assemit.com.br\/novo\/index.php?rest_route=\/wp\/v2\/posts"}],"about":[{"href":"https:\/\/assemit.com.br\/novo\/index.php?rest_route=\/wp\/v2\/types\/post"}],"author":[{"embeddable":true,"href":"https:\/\/assemit.com.br\/novo\/index.php?rest_route=\/wp\/v2\/users\/1"}],"replies":[{"embeddable":true,"href":"https:\/\/assemit.com.br\/novo\/index.php?rest_route=%2Fwp%2Fv2%2Fcomments&post=18"}],"version-history":[{"count":0,"href":"https:\/\/assemit.com.br\/novo\/index.php?rest_route=\/wp\/v2\/posts\/18\/revisions"}],"wp:attachment":[{"href":"https:\/\/assemit.com.br\/novo\/index.php?rest_route=%2Fwp%2Fv2%2Fmedia&parent=18"}],"wp:term":[{"taxonomy":"category","embeddable":true,"href":"https:\/\/assemit.com.br\/novo\/index.php?rest_route=%2Fwp%2Fv2%2Fcategories&post=18"},{"taxonomy":"post_tag","embeddable":true,"href":"https:\/\/assemit.com.br\/novo\/index.php?rest_route=%2Fwp%2Fv2%2Ftags&post=18"}],"curies":[{"name":"wp","href":"https:\/\/api.w.org\/{rel}","templated":true}]}}