{"id":1821,"date":"2018-05-28T17:23:07","date_gmt":"2018-05-28T20:23:07","guid":{"rendered":"http:\/\/www.assemit.com.br\/novo2017\/?p=1821"},"modified":"2018-06-06T08:51:29","modified_gmt":"2018-06-06T11:51:29","slug":"passeata-de-sensibilizacao-por-um-brasil-melhor","status":"publish","type":"post","link":"https:\/\/assemit.com.br\/novo\/?p=1821","title":{"rendered":"Passeata de sensibiliza\u00e7\u00e3o por um Brasil Melhor"},"content":{"rendered":"<p><a href=\"http:\/\/www.assemit.com.br\/novo2017\/wp-content\/uploads\/2018\/05\/IMG_0158.jpg\"><img loading=\"lazy\" decoding=\"async\" class=\"aligncenter wp-image-1826 size-large\" src=\"http:\/\/www.assemit.com.br\/novo2017\/wp-content\/uploads\/2018\/05\/IMG_0158-1024x683.jpg\" alt=\"\" width=\"660\" height=\"440\" srcset=\"https:\/\/assemit.com.br\/novo\/wp-content\/uploads\/2018\/05\/IMG_0158-1024x683.jpg 1024w, https:\/\/assemit.com.br\/novo\/wp-content\/uploads\/2018\/05\/IMG_0158-300x200.jpg 300w, https:\/\/assemit.com.br\/novo\/wp-content\/uploads\/2018\/05\/IMG_0158-768x512.jpg 768w, https:\/\/assemit.com.br\/novo\/wp-content\/uploads\/2018\/05\/IMG_0158-619x413.jpg 619w\" sizes=\"auto, (max-width: 660px) 100vw, 660px\" \/><\/a>Assemit, juntamente com as Escolas, Associa\u00e7\u00e3o dos Motoristas, Sindicatos, Agricultores, Empresas\/Empres\u00e1rios e os Cidad\u00e3os Itapiranguenses, realizaram nesta tarde a \u201cPasseata de sensibiliza\u00e7\u00e3o a favor de um Brasil melhor\u201d.<\/p>\n<p>A manifesta\u00e7\u00e3o tem o objetivo de refor\u00e7ar a cobran\u00e7a para que a classe pol\u00edtica brasileira solucione o mais r\u00e1pido poss\u00edvel o impasse com a Greve dos Caminhoneiros e tamb\u00e9m reivindica que a conta da inefici\u00eancia e da m\u00e1 gest\u00e3o p\u00fablica do nosso pa\u00eds n\u00e3o seja paga mais uma vez pelo setor produtivo brasileiro.<\/p>\n<p>O alto pre\u00e7o que se pagamos pela omiss\u00e3o, pela corrup\u00e7\u00e3o, pela gest\u00e3o p\u00fablica incompetente e pela falta de renova\u00e7\u00e3o pol\u00edtica n\u00e3o pode ser ignorada, \u00e9 momento de expressar apoio aos movimentos que sejam pac\u00edficos e ordeiros e lutam por um Brasil melhor, declara o Presidente da ASSEMIT.<\/p>\n<p>Clemente declara ainda, Nesse momento fa\u00e7a-se necess\u00e1rio um agradecimento em especial as entidades que apoiaram a manifesta\u00e7\u00e3o, Escolas Municipal Esperan\u00e7a, Escola Municipal Bela Vista, Escola Municipal Funei, Escola de Ensino Fundamental Porto Novo, Escola de Educa\u00e7\u00e3o B\u00e1sica S\u00e3o Vicente, Associa\u00e7\u00e3o dos Motoristas de Itapiranga, Sindicato dos Trabalhadores de Ind\u00fastria de Carnes, Sindicato dos Produtores Rurais, Sindicato dos Trabalhadores Rurais, Agricultores, Empresas\/Empres\u00e1rios e aos Cidad\u00e3os que participaram e reivindicaram conosco.<\/p>\n<p>&nbsp;<\/p>\nngg_shortcode_0_placeholder\n","protected":false},"excerpt":{"rendered":"<p>Assemit, juntamente com as Escolas, Associa\u00e7\u00e3o dos Motoristas, Sindicatos, Agricultores, Empresas\/Empres\u00e1rios e os Cidad\u00e3os Itapiranguenses, realizaram nesta tarde a \u201cPasseata de sensibiliza\u00e7\u00e3o a favor de um Brasil melhor\u201d. A manifesta\u00e7\u00e3o tem o objetivo de refor\u00e7ar a cobran\u00e7a para que a [&hellip;]<\/p>\n","protected":false},"author":5,"featured_media":0,"comment_status":"closed","ping_status":"closed","sticky":false,"template":"","format":"standard","meta":{"ngg_post_thumbnail":0,"footnotes":""},"categories":[6],"tags":[13],"class_list":["post-1821","post","type-post","status-publish","format-standard","hentry","category-novidades","tag-passeata-itapiranga-assemit"],"_links":{"self":[{"href":"https:\/\/assemit.com.br\/novo\/index.php?rest_route=\/wp\/v2\/posts\/1821","targetHints":{"allow":["GET"]}}],"collection":[{"href":"https:\/\/assemit.com.br\/novo\/index.php?rest_route=\/wp\/v2\/posts"}],"about":[{"href":"https:\/\/assemit.com.br\/novo\/index.php?rest_route=\/wp\/v2\/types\/post"}],"author":[{"embeddable":true,"href":"https:\/\/assemit.com.br\/novo\/index.php?rest_route=\/wp\/v2\/users\/5"}],"replies":[{"embeddable":true,"href":"https:\/\/assemit.com.br\/novo\/index.php?rest_route=%2Fwp%2Fv2%2Fcomments&post=1821"}],"version-history":[{"count":7,"href":"https:\/\/assemit.com.br\/novo\/index.php?rest_route=\/wp\/v2\/posts\/1821\/revisions"}],"predecessor-version":[{"id":1896,"href":"https:\/\/assemit.com.br\/novo\/index.php?rest_route=\/wp\/v2\/posts\/1821\/revisions\/1896"}],"wp:attachment":[{"href":"https:\/\/assemit.com.br\/novo\/index.php?rest_route=%2Fwp%2Fv2%2Fmedia&parent=1821"}],"wp:term":[{"taxonomy":"category","embeddable":true,"href":"https:\/\/assemit.com.br\/novo\/index.php?rest_route=%2Fwp%2Fv2%2Fcategories&post=1821"},{"taxonomy":"post_tag","embeddable":true,"href":"https:\/\/assemit.com.br\/novo\/index.php?rest_route=%2Fwp%2Fv2%2Ftags&post=1821"}],"curies":[{"name":"wp","href":"https:\/\/api.w.org\/{rel}","templated":true}]}}