{"id":1851,"date":"2018-05-30T17:05:23","date_gmt":"2018-05-30T20:05:23","guid":{"rendered":"http:\/\/www.assemit.com.br\/novo2017\/?p=1851"},"modified":"2018-06-07T13:26:20","modified_gmt":"2018-06-07T16:26:20","slug":"avaliacao-de-manifestacoes-a-favor-de-um-brasil-melhor","status":"publish","type":"post","link":"https:\/\/assemit.com.br\/novo\/?p=1851","title":{"rendered":"Avalia\u00e7\u00e3o de manifesta\u00e7\u00f5es a favor de um Brasil melhor"},"content":{"rendered":"<p>Na manh\u00e3 desta quarta-feira, 30, estiveram reunidos representantes da sociedade civil, empresas e agricultores para avaliar as manifesta\u00e7\u00f5es realizadas na \u00faltima segunda-feira, 28. A avalia\u00e7\u00e3o foi positiva, tendo com base a grande participa\u00e7\u00e3o do p\u00fablico.<br \/>\nNa reuni\u00e3o buscou-se alternativas para atingir os objetivos das manifesta\u00e7\u00f5es e manter ativa a luta por um Brasil melhor.<br \/>\nO setor agr\u00edcola mostrou organiza\u00e7\u00e3o e poder para que o manifesto acontecesse com a grande participa\u00e7\u00e3o dos agricultores, mostrando que s\u00e3o eles que tocam o oeste de Santa Catarina.<br \/>\nOs setores de ind\u00fastria, com\u00e9rcio e presta\u00e7\u00e3o de servi\u00e7o foram bem representados com grande apoio das empresas e empres\u00e1rios, lutando por mudan\u00e7a. A popula\u00e7\u00e3o e escolas mostraram seu patriotismo e engrandeceram ainda mais as manifesta\u00e7\u00f5es. Um agradecimento especial a todos os participantes.<br \/>\nO povo tem um grande poder que \u00e9 o VOTO. Os representantes do movimento conclamam que a popula\u00e7\u00e3o lembre-se das reivindica\u00e7\u00f5es feitas nas manifesta\u00e7\u00f5es quando chegar o momento de definir o destino da na\u00e7\u00e3o nas elei\u00e7\u00f5es.<\/p>\nngg_shortcode_0_placeholder\n","protected":false},"excerpt":{"rendered":"<p>Na manh\u00e3 desta quarta-feira, 30, estiveram reunidos representantes da sociedade civil, empresas e agricultores para avaliar as manifesta\u00e7\u00f5es realizadas na \u00faltima segunda-feira, 28. A avalia\u00e7\u00e3o foi positiva, tendo com base a grande participa\u00e7\u00e3o do p\u00fablico. Na reuni\u00e3o buscou-se alternativas para [&hellip;]<\/p>\n","protected":false},"author":5,"featured_media":0,"comment_status":"closed","ping_status":"closed","sticky":false,"template":"","format":"standard","meta":{"ngg_post_thumbnail":0,"footnotes":""},"categories":[6],"tags":[14],"class_list":["post-1851","post","type-post","status-publish","format-standard","hentry","category-novidades","tag-assemit-itapiranga-manifestacoes"],"_links":{"self":[{"href":"https:\/\/assemit.com.br\/novo\/index.php?rest_route=\/wp\/v2\/posts\/1851","targetHints":{"allow":["GET"]}}],"collection":[{"href":"https:\/\/assemit.com.br\/novo\/index.php?rest_route=\/wp\/v2\/posts"}],"about":[{"href":"https:\/\/assemit.com.br\/novo\/index.php?rest_route=\/wp\/v2\/types\/post"}],"author":[{"embeddable":true,"href":"https:\/\/assemit.com.br\/novo\/index.php?rest_route=\/wp\/v2\/users\/5"}],"replies":[{"embeddable":true,"href":"https:\/\/assemit.com.br\/novo\/index.php?rest_route=%2Fwp%2Fv2%2Fcomments&post=1851"}],"version-history":[{"count":9,"href":"https:\/\/assemit.com.br\/novo\/index.php?rest_route=\/wp\/v2\/posts\/1851\/revisions"}],"predecessor-version":[{"id":1911,"href":"https:\/\/assemit.com.br\/novo\/index.php?rest_route=\/wp\/v2\/posts\/1851\/revisions\/1911"}],"wp:attachment":[{"href":"https:\/\/assemit.com.br\/novo\/index.php?rest_route=%2Fwp%2Fv2%2Fmedia&parent=1851"}],"wp:term":[{"taxonomy":"category","embeddable":true,"href":"https:\/\/assemit.com.br\/novo\/index.php?rest_route=%2Fwp%2Fv2%2Fcategories&post=1851"},{"taxonomy":"post_tag","embeddable":true,"href":"https:\/\/assemit.com.br\/novo\/index.php?rest_route=%2Fwp%2Fv2%2Ftags&post=1851"}],"curies":[{"name":"wp","href":"https:\/\/api.w.org\/{rel}","templated":true}]}}