{"id":188,"date":"2013-04-08T18:23:36","date_gmt":"2013-04-08T18:23:36","guid":{"rendered":"http:\/\/novo2017.assemit.com.br\/?p=188"},"modified":"2013-04-08T18:23:36","modified_gmt":"2013-04-08T18:23:36","slug":"jei-inicia-preparativos-para-o-2o-festival-do-chopp-da-cuca-e-da-linguica-e-feira-de-alimentos","status":"publish","type":"post","link":"https:\/\/assemit.com.br\/novo\/?p=188","title":{"rendered":"JEI inicia preparativos para o 2\u00ba Festival do Chopp, da Cuca e da Lingui\u00e7a e Feira de Alimentos"},"content":{"rendered":"<p style=\"text-align: justify;\">O N\u00facleo de Jovens Empreendedores de Itapiranga \u2013 JEI, iniciou os preparativos para o 2\u00ba Festival do Chopp, da Cuca e da Lingui\u00e7a e Feira de Alimentos, que acontecer\u00e1 nos dias 16 e 17 de agosto deste ano. A grande novidade deste ano \u00e9 a realiza\u00e7\u00e3o do Festival juntamente com a 30\u00ba Encontro Catarinense de Apicultores, que somente neste segmento receber\u00e1 mais de 600 pessoas de todas as regi\u00f5es do estado de Santa Catariana entre expositores e visitantes. O pr\u00f3ximo passo agora \u00e9 acertar os detalhes da parceria entre o JEI e a APITA (Associa\u00e7\u00f5es dos Apicultores de Itapiranga) e definir a programa\u00e7\u00e3o para os dois dias de evento. O certo \u00e9 que com a jun\u00e7\u00e3o dos dois eventos ambos ser\u00e3o fortalecidos. O festival do Chopp, da Cuca e da Lingui\u00e7a e Feira de Alimentos reuniram grande p\u00fablico e tiveram um \u00f3timo resultado no ano passado e este ano com esta parceria, mais as melhorias e inova\u00e7\u00f5es que ser\u00e3o feitas, garantem o sucesso do evento. O Encontro Catarinense de Apicultores que acontece anualmente, este ano com sede em Itapiranga, ir\u00e1 atrair grande p\u00fablico e mais de 20 expositores deste segmento. O evento \u00e9 tradicional e Itapiranga \u00e9 uma das refer\u00eancias no estado pela qualidade do mel produzido e pelo grande n\u00famero de produtores. O lan\u00e7amento oficial do evento est\u00e1 marcado para dia 03 de maio na abertura oficial da 7\u00aa EFRAIT.\u00a0 Palestras, exposi\u00e7\u00e3o e comercializa\u00e7\u00e3o de alimentos, apresenta\u00e7\u00f5es culturais e duas noites de baile s\u00e3o algumas das atra\u00e7\u00f5es que estar\u00e3o no evento.<\/p>\n","protected":false},"excerpt":{"rendered":"<p>O N\u00facleo de Jovens Empreendedores de Itapiranga \u2013 JEI, iniciou os preparativos para o 2\u00ba Festival do Chopp, da Cuca e da Lingui\u00e7a e Feira de Alimentos, que acontecer\u00e1 nos dias 16 e 17 de agosto deste ano. A grande [&hellip;]<\/p>\n","protected":false},"author":1,"featured_media":0,"comment_status":"open","ping_status":"open","sticky":false,"template":"","format":"standard","meta":{"ngg_post_thumbnail":0,"footnotes":""},"categories":[6],"tags":[],"class_list":["post-188","post","type-post","status-publish","format-standard","hentry","category-novidades"],"_links":{"self":[{"href":"https:\/\/assemit.com.br\/novo\/index.php?rest_route=\/wp\/v2\/posts\/188","targetHints":{"allow":["GET"]}}],"collection":[{"href":"https:\/\/assemit.com.br\/novo\/index.php?rest_route=\/wp\/v2\/posts"}],"about":[{"href":"https:\/\/assemit.com.br\/novo\/index.php?rest_route=\/wp\/v2\/types\/post"}],"author":[{"embeddable":true,"href":"https:\/\/assemit.com.br\/novo\/index.php?rest_route=\/wp\/v2\/users\/1"}],"replies":[{"embeddable":true,"href":"https:\/\/assemit.com.br\/novo\/index.php?rest_route=%2Fwp%2Fv2%2Fcomments&post=188"}],"version-history":[{"count":0,"href":"https:\/\/assemit.com.br\/novo\/index.php?rest_route=\/wp\/v2\/posts\/188\/revisions"}],"wp:attachment":[{"href":"https:\/\/assemit.com.br\/novo\/index.php?rest_route=%2Fwp%2Fv2%2Fmedia&parent=188"}],"wp:term":[{"taxonomy":"category","embeddable":true,"href":"https:\/\/assemit.com.br\/novo\/index.php?rest_route=%2Fwp%2Fv2%2Fcategories&post=188"},{"taxonomy":"post_tag","embeddable":true,"href":"https:\/\/assemit.com.br\/novo\/index.php?rest_route=%2Fwp%2Fv2%2Ftags&post=188"}],"curies":[{"name":"wp","href":"https:\/\/api.w.org\/{rel}","templated":true}]}}