{"id":190,"date":"2013-03-04T16:56:40","date_gmt":"2013-03-04T16:56:40","guid":{"rendered":"http:\/\/novo2017.assemit.com.br\/?p=190"},"modified":"2013-03-04T16:56:40","modified_gmt":"2013-03-04T16:56:40","slug":"assemit-participa-de-reuniao-regional-da-facisc","status":"publish","type":"post","link":"https:\/\/assemit.com.br\/novo\/?p=190","title":{"rendered":"Assemit participa de reuni\u00e3o regional da FACISC"},"content":{"rendered":"<p class=\"MsoNormal\" style=\"margin-bottom: 0.0001pt; text-align: center;\"><img loading=\"lazy\" decoding=\"async\" class=\" size-full wp-image-189\" src=\"http:\/\/novo2017.assemit.com.br\/wp-content\/uploads\/2013\/03\/dsc03689.jpg\" border=\"0\" width=\"640\" height=\"480\" srcset=\"https:\/\/assemit.com.br\/novo\/wp-content\/uploads\/2013\/03\/dsc03689.jpg 640w, https:\/\/assemit.com.br\/novo\/wp-content\/uploads\/2013\/03\/dsc03689-300x225.jpg 300w, https:\/\/assemit.com.br\/novo\/wp-content\/uploads\/2013\/03\/dsc03689-619x464.jpg 619w\" sizes=\"auto, (max-width: 640px) 100vw, 640px\" \/><\/p>\n<p style=\"text-align: justify;\">Na Sexta-feira dia 23, aconteceu a primeira Reuni\u00e3o Regional de Presidentes da FACISC, no ano de 2013. O evento aconteceu na cidade de Palmitos e contou com v\u00e1rias lideran\u00e7as regionais e estaduais, entre eles o Secret\u00e1rio Estadual de Infraestrutura, Sr. Valdir Cobalchini, o vice-presidente da FACISC Ernesto Jo\u00e3o Reck, Vice-Presidente regional da FACISC Regi\u00e3o Extremo Oeste Roberto Mileski, Prefeito e Vice Prefeito do Munic\u00edpio de Palmitos, o Presidente da ACI Local Elson Otto e Presidente e Diretores das Associa\u00e7\u00f5es Empresariais da Regi\u00e3o.<\/p>\n<p>A ASSEMIT esteve presente com o Presidente Elton Maldaner, Vice-Presidente Lazie de Col, Conselheiro Afonso Niehues e Assessor de Comunica\u00e7\u00e3o Alexandre Siqueira. O principal assunto em pauta foi infraestrutura.<\/p>\n<p>Associa\u00e7\u00f5es da regi\u00e3o apresentaram diversas mo\u00e7\u00f5es, todas voltadas a quest\u00e3o da constru\u00e7\u00e3o, revitaliza\u00e7\u00e3o, recapeamento, amplia\u00e7\u00e3o e melhoramento de rodovias, ferrovias e acessos necess\u00e1rios para um melhor tr\u00e1fego na reuni\u00e3o, j\u00e1 que a grande maioria encontra-se em prec\u00e1rias condi\u00e7\u00f5es.<\/p>\n","protected":false},"excerpt":{"rendered":"<p>Na Sexta-feira dia 23, aconteceu a primeira Reuni\u00e3o Regional de Presidentes da FACISC, no ano de 2013. O evento aconteceu na cidade de Palmitos e contou com v\u00e1rias lideran\u00e7as regionais e estaduais, entre eles o Secret\u00e1rio Estadual de Infraestrutura, Sr. [&hellip;]<\/p>\n","protected":false},"author":1,"featured_media":189,"comment_status":"open","ping_status":"open","sticky":false,"template":"","format":"standard","meta":{"ngg_post_thumbnail":0,"footnotes":""},"categories":[6],"tags":[],"class_list":["post-190","post","type-post","status-publish","format-standard","has-post-thumbnail","hentry","category-novidades"],"_links":{"self":[{"href":"https:\/\/assemit.com.br\/novo\/index.php?rest_route=\/wp\/v2\/posts\/190","targetHints":{"allow":["GET"]}}],"collection":[{"href":"https:\/\/assemit.com.br\/novo\/index.php?rest_route=\/wp\/v2\/posts"}],"about":[{"href":"https:\/\/assemit.com.br\/novo\/index.php?rest_route=\/wp\/v2\/types\/post"}],"author":[{"embeddable":true,"href":"https:\/\/assemit.com.br\/novo\/index.php?rest_route=\/wp\/v2\/users\/1"}],"replies":[{"embeddable":true,"href":"https:\/\/assemit.com.br\/novo\/index.php?rest_route=%2Fwp%2Fv2%2Fcomments&post=190"}],"version-history":[{"count":0,"href":"https:\/\/assemit.com.br\/novo\/index.php?rest_route=\/wp\/v2\/posts\/190\/revisions"}],"wp:featuredmedia":[{"embeddable":true,"href":"https:\/\/assemit.com.br\/novo\/index.php?rest_route=\/wp\/v2\/media\/189"}],"wp:attachment":[{"href":"https:\/\/assemit.com.br\/novo\/index.php?rest_route=%2Fwp%2Fv2%2Fmedia&parent=190"}],"wp:term":[{"taxonomy":"category","embeddable":true,"href":"https:\/\/assemit.com.br\/novo\/index.php?rest_route=%2Fwp%2Fv2%2Fcategories&post=190"},{"taxonomy":"post_tag","embeddable":true,"href":"https:\/\/assemit.com.br\/novo\/index.php?rest_route=%2Fwp%2Fv2%2Ftags&post=190"}],"curies":[{"name":"wp","href":"https:\/\/api.w.org\/{rel}","templated":true}]}}