{"id":1923,"date":"2018-06-07T14:13:30","date_gmt":"2018-06-07T17:13:30","guid":{"rendered":"http:\/\/www.assemit.com.br\/novo2017\/?p=1923"},"modified":"2018-06-07T14:43:35","modified_gmt":"2018-06-07T17:43:35","slug":"workshop-sobre-protesto-expresso-e-titulos-de-credito","status":"publish","type":"post","link":"https:\/\/assemit.com.br\/novo\/?p=1923","title":{"rendered":"Workshop sobre Protesto Expresso e T\u00edtulos de Cr\u00e9dito"},"content":{"rendered":"<p><img loading=\"lazy\" decoding=\"async\" class=\"aligncenter wp-image-1924\" src=\"http:\/\/www.assemit.com.br\/novo2017\/wp-content\/uploads\/2018\/06\/5.jpg\" alt=\"\" width=\"700\" height=\"226\" srcset=\"https:\/\/assemit.com.br\/novo\/wp-content\/uploads\/2018\/06\/5.jpg 530w, https:\/\/assemit.com.br\/novo\/wp-content\/uploads\/2018\/06\/5-300x97.jpg 300w\" sizes=\"auto, (max-width: 700px) 100vw, 700px\" \/><\/p>\n<p>Com o intuito de auxiliar as atividades das empresas, a ASSEMIT realizou na noite de ontem, 5, a 4\u00aa edi\u00e7\u00e3o do Workshop sobre Protesto Expresso e T\u00edtulos de Cr\u00e9dito, com a presen\u00e7a da Tabeli\u00e3 Ta\u00eds Mirela Sauer, que explicou sobre o funcionamento do protesto, os principais t\u00edtulos de cr\u00e9dito e seus conceitos, as informa\u00e7\u00f5es necess\u00e1rias e as responsabilidades do informante. Esteve presente tamb\u00e9m o Comercial da FACISC, Maikel Estoskes, que explicou o produto Protesto Expresso, seu funcionamento e vantagens.O Protesto Expresso \u00e9 um servi\u00e7o online que veio para facilitar o dia a dia dos empres\u00e1rios, com economia, rapidez e facilidade.<\/p>\n","protected":false},"excerpt":{"rendered":"<p>Com o intuito de auxiliar as atividades das empresas, a ASSEMIT realizou na noite de ontem, 5, a 4\u00aa edi\u00e7\u00e3o do Workshop sobre Protesto Expresso e T\u00edtulos de Cr\u00e9dito, com a presen\u00e7a da Tabeli\u00e3 Ta\u00eds Mirela Sauer, que explicou sobre [&hellip;]<\/p>\n","protected":false},"author":5,"featured_media":0,"comment_status":"closed","ping_status":"closed","sticky":false,"template":"","format":"standard","meta":{"ngg_post_thumbnail":0,"footnotes":""},"categories":[6],"tags":[16],"class_list":["post-1923","post","type-post","status-publish","format-standard","hentry","category-novidades","tag-assemit-protesto-expresso-titulos-de-credito"],"_links":{"self":[{"href":"https:\/\/assemit.com.br\/novo\/index.php?rest_route=\/wp\/v2\/posts\/1923","targetHints":{"allow":["GET"]}}],"collection":[{"href":"https:\/\/assemit.com.br\/novo\/index.php?rest_route=\/wp\/v2\/posts"}],"about":[{"href":"https:\/\/assemit.com.br\/novo\/index.php?rest_route=\/wp\/v2\/types\/post"}],"author":[{"embeddable":true,"href":"https:\/\/assemit.com.br\/novo\/index.php?rest_route=\/wp\/v2\/users\/5"}],"replies":[{"embeddable":true,"href":"https:\/\/assemit.com.br\/novo\/index.php?rest_route=%2Fwp%2Fv2%2Fcomments&post=1923"}],"version-history":[{"count":4,"href":"https:\/\/assemit.com.br\/novo\/index.php?rest_route=\/wp\/v2\/posts\/1923\/revisions"}],"predecessor-version":[{"id":1932,"href":"https:\/\/assemit.com.br\/novo\/index.php?rest_route=\/wp\/v2\/posts\/1923\/revisions\/1932"}],"wp:attachment":[{"href":"https:\/\/assemit.com.br\/novo\/index.php?rest_route=%2Fwp%2Fv2%2Fmedia&parent=1923"}],"wp:term":[{"taxonomy":"category","embeddable":true,"href":"https:\/\/assemit.com.br\/novo\/index.php?rest_route=%2Fwp%2Fv2%2Fcategories&post=1923"},{"taxonomy":"post_tag","embeddable":true,"href":"https:\/\/assemit.com.br\/novo\/index.php?rest_route=%2Fwp%2Fv2%2Ftags&post=1923"}],"curies":[{"name":"wp","href":"https:\/\/api.w.org\/{rel}","templated":true}]}}