{"id":193,"date":"2013-03-13T17:12:45","date_gmt":"2013-03-13T17:12:45","guid":{"rendered":"http:\/\/novo2017.assemit.com.br\/?p=193"},"modified":"2013-03-13T17:12:45","modified_gmt":"2013-03-13T17:12:45","slug":"jovens-empreendedores-participam-de-eventos-no-rs","status":"publish","type":"post","link":"https:\/\/assemit.com.br\/novo\/?p=193","title":{"rendered":"Jovens Empreendedores participam de eventos no RS"},"content":{"rendered":"<p style=\"text-align: center;\"><img loading=\"lazy\" decoding=\"async\" class=\" size-full wp-image-191\" src=\"http:\/\/novo2017.assemit.com.br\/wp-content\/uploads\/2013\/03\/prtico.jpg\" border=\"0\" style=\"border: 0px none;\" width=\"665\" height=\"356\" srcset=\"https:\/\/assemit.com.br\/novo\/wp-content\/uploads\/2013\/03\/prtico.jpg 665w, https:\/\/assemit.com.br\/novo\/wp-content\/uploads\/2013\/03\/prtico-300x161.jpg 300w, https:\/\/assemit.com.br\/novo\/wp-content\/uploads\/2013\/03\/prtico-619x331.jpg 619w\" sizes=\"auto, (max-width: 665px) 100vw, 665px\" \/><\/p>\n<p style=\"text-align: justify;\">O munic\u00edpio de N\u00e3o Me Toque promove anualmente a maior feira de m\u00e1quinas, equipamentos e produtos agr\u00edcolas da Am\u00e9rica Latina. Na sua 14\u00aa edi\u00e7\u00e3o, a Expodireto Cotrijal contou com 481 expositores, 223.400 visitantes de mais de 70 pa\u00edses e teve o maior volume de neg\u00f3cios, R$ 2,5 bilh\u00f5es. A Expodireto acontece sempre de segunda a sexta-feira, das 08 \u00e0s 18 Horas (neste ano aconteceu de 04 a 08 de mar\u00e7o). N\u00e3o s\u00e3o comercializadas bebidas alco\u00f3licas e nem disponibilizados shows, sendo que a feira \u00e9 especificamente de neg\u00f3cios.<\/p>\n<p style=\"text-align: justify;\">O modesto munic\u00edpio de Victor Graeff, com menos de 3.500 habitantes, a 13 km de N\u00e3o Me Toque e dono da pra\u00e7a considerada mais bela do Rio Grande do Sul, percebeu a oportunidade e promove paralela a feira nos mesmos dias, no per\u00edodo da tarde e noite, o Festival Nacional da Cuca com Lingui\u00e7a, neste ano na sua 12\u00aa. Edi\u00e7\u00e3o. Mais de 60 mil pessoas passaram pela cidade durante os cinco dias de evento.<\/p>\n<p style=\"text-align: justify;\">O N\u00facleo do Jovem Empreendedor de Itapiranga \u2013 JEI promover\u00e1 entre os dias 02 a 04 de Agosto deste ano, O Festival do Chopp, da Cuca e da Lingui\u00e7a em sua segunda edi\u00e7\u00e3o. O coordenador do projeto deste ano, Edevaldo Kraemer, destaca a import\u00e2ncia de prestigiar este evento, pois foi fundamental para poder inovar e ampliar o nosso evento aqui, com a experi\u00eancia obtida na realiza\u00e7\u00e3o do ano passado.<\/p>\n<p style=\"text-align: justify;\">O vereador e Jovem Empres\u00e1rio Gabriel Celuppi enfatiza a import\u00e2ncia de estar presente na cidade, nos bairros e no interior do munic\u00edpio para poder atender os anseios da popula\u00e7\u00e3o, mas tamb\u00e9m destaca a import\u00e2ncia de conhecer outras regi\u00f5es para poder inovar e auxiliar no desenvolvimento de nosso munic\u00edpio.<\/p>\n<p style=\"text-align: justify;\">Para o Diretor de Ind\u00fastria e Com\u00e9rcio e membro do JEI Alexandre Siqueira, participar de eventos desta grandeza \u00e9 de suma import\u00e2ncia para melhorar e desenvolver ainda mais o nosso munic\u00edpio e nossa regi\u00e3o em todos os aspectos, pois s\u00e3o atrav\u00e9s de experi\u00eancias como esta que podemos perceber as potencialidades destes munic\u00edpios e aprender com eles bons exemplos.<\/p>\n<p style=\"text-align: center;\"><img loading=\"lazy\" decoding=\"async\" class=\" size-full wp-image-192\" src=\"http:\/\/novo2017.assemit.com.br\/wp-content\/uploads\/2013\/03\/portico%201.jpg\" border=\"0\" style=\"border: 0px none;\" width=\"669\" height=\"370\" \/><\/p>\n","protected":false},"excerpt":{"rendered":"<p>O munic\u00edpio de N\u00e3o Me Toque promove anualmente a maior feira de m\u00e1quinas, equipamentos e produtos agr\u00edcolas da Am\u00e9rica Latina. Na sua 14\u00aa edi\u00e7\u00e3o, a Expodireto Cotrijal contou com 481 expositores, 223.400 visitantes de mais de 70 pa\u00edses e teve [&hellip;]<\/p>\n","protected":false},"author":1,"featured_media":191,"comment_status":"open","ping_status":"open","sticky":false,"template":"","format":"standard","meta":{"ngg_post_thumbnail":0,"footnotes":""},"categories":[6],"tags":[],"class_list":["post-193","post","type-post","status-publish","format-standard","has-post-thumbnail","hentry","category-novidades"],"_links":{"self":[{"href":"https:\/\/assemit.com.br\/novo\/index.php?rest_route=\/wp\/v2\/posts\/193","targetHints":{"allow":["GET"]}}],"collection":[{"href":"https:\/\/assemit.com.br\/novo\/index.php?rest_route=\/wp\/v2\/posts"}],"about":[{"href":"https:\/\/assemit.com.br\/novo\/index.php?rest_route=\/wp\/v2\/types\/post"}],"author":[{"embeddable":true,"href":"https:\/\/assemit.com.br\/novo\/index.php?rest_route=\/wp\/v2\/users\/1"}],"replies":[{"embeddable":true,"href":"https:\/\/assemit.com.br\/novo\/index.php?rest_route=%2Fwp%2Fv2%2Fcomments&post=193"}],"version-history":[{"count":0,"href":"https:\/\/assemit.com.br\/novo\/index.php?rest_route=\/wp\/v2\/posts\/193\/revisions"}],"wp:featuredmedia":[{"embeddable":true,"href":"https:\/\/assemit.com.br\/novo\/index.php?rest_route=\/wp\/v2\/media\/191"}],"wp:attachment":[{"href":"https:\/\/assemit.com.br\/novo\/index.php?rest_route=%2Fwp%2Fv2%2Fmedia&parent=193"}],"wp:term":[{"taxonomy":"category","embeddable":true,"href":"https:\/\/assemit.com.br\/novo\/index.php?rest_route=%2Fwp%2Fv2%2Fcategories&post=193"},{"taxonomy":"post_tag","embeddable":true,"href":"https:\/\/assemit.com.br\/novo\/index.php?rest_route=%2Fwp%2Fv2%2Ftags&post=193"}],"curies":[{"name":"wp","href":"https:\/\/api.w.org\/{rel}","templated":true}]}}