{"id":1937,"date":"2018-06-13T08:05:43","date_gmt":"2018-06-13T11:05:43","guid":{"rendered":"http:\/\/www.assemit.com.br\/novo2017\/?p=1937"},"modified":"2018-06-13T08:06:40","modified_gmt":"2018-06-13T11:06:40","slug":"nucleo-de-contadores-realiza-palestra-sobre-e-social","status":"publish","type":"post","link":"https:\/\/assemit.com.br\/novo\/?p=1937","title":{"rendered":"N\u00facleo de Contadores realiza palestra sobre e-Social"},"content":{"rendered":"<p><img loading=\"lazy\" decoding=\"async\" class=\"aligncenter wp-image-1938 size-full\" src=\"http:\/\/www.assemit.com.br\/novo2017\/wp-content\/uploads\/2018\/06\/3.jpg\" alt=\"\" width=\"530\" height=\"260\" srcset=\"https:\/\/assemit.com.br\/novo\/wp-content\/uploads\/2018\/06\/3.jpg 530w, https:\/\/assemit.com.br\/novo\/wp-content\/uploads\/2018\/06\/3-300x147.jpg 300w\" sizes=\"auto, (max-width: 530px) 100vw, 530px\" \/><\/p>\n<p>O N\u00facleo dos Contadores realizou no dia 11, palestra para empres\u00e1rios sobre o e-Social. Andres Jimenez explanou sobre o que \u00e9 o e-Social, o que ir\u00e1 mudar para as empresas e quais os prazos para as empresas se adequarem, impactos do programa e as multas que podem ser cobradas caso n\u00e3o se adequarem conforme a lei.<\/p>\n","protected":false},"excerpt":{"rendered":"<p>O N\u00facleo dos Contadores realizou no dia 11, palestra para empres\u00e1rios sobre o e-Social. Andres Jimenez explanou sobre o que \u00e9 o e-Social, o que ir\u00e1 mudar para as empresas e quais os prazos para as empresas se adequarem, impactos [&hellip;]<\/p>\n","protected":false},"author":5,"featured_media":0,"comment_status":"closed","ping_status":"closed","sticky":false,"template":"","format":"standard","meta":{"ngg_post_thumbnail":0,"footnotes":""},"categories":[6],"tags":[17],"class_list":["post-1937","post","type-post","status-publish","format-standard","hentry","category-novidades","tag-assemit-e-social-itapiranga"],"_links":{"self":[{"href":"https:\/\/assemit.com.br\/novo\/index.php?rest_route=\/wp\/v2\/posts\/1937","targetHints":{"allow":["GET"]}}],"collection":[{"href":"https:\/\/assemit.com.br\/novo\/index.php?rest_route=\/wp\/v2\/posts"}],"about":[{"href":"https:\/\/assemit.com.br\/novo\/index.php?rest_route=\/wp\/v2\/types\/post"}],"author":[{"embeddable":true,"href":"https:\/\/assemit.com.br\/novo\/index.php?rest_route=\/wp\/v2\/users\/5"}],"replies":[{"embeddable":true,"href":"https:\/\/assemit.com.br\/novo\/index.php?rest_route=%2Fwp%2Fv2%2Fcomments&post=1937"}],"version-history":[{"count":2,"href":"https:\/\/assemit.com.br\/novo\/index.php?rest_route=\/wp\/v2\/posts\/1937\/revisions"}],"predecessor-version":[{"id":1940,"href":"https:\/\/assemit.com.br\/novo\/index.php?rest_route=\/wp\/v2\/posts\/1937\/revisions\/1940"}],"wp:attachment":[{"href":"https:\/\/assemit.com.br\/novo\/index.php?rest_route=%2Fwp%2Fv2%2Fmedia&parent=1937"}],"wp:term":[{"taxonomy":"category","embeddable":true,"href":"https:\/\/assemit.com.br\/novo\/index.php?rest_route=%2Fwp%2Fv2%2Fcategories&post=1937"},{"taxonomy":"post_tag","embeddable":true,"href":"https:\/\/assemit.com.br\/novo\/index.php?rest_route=%2Fwp%2Fv2%2Ftags&post=1937"}],"curies":[{"name":"wp","href":"https:\/\/api.w.org\/{rel}","templated":true}]}}