{"id":1942,"date":"2018-06-20T17:13:13","date_gmt":"2018-06-20T20:13:13","guid":{"rendered":"http:\/\/www.assemit.com.br\/novo2017\/?p=1942"},"modified":"2018-06-20T17:13:13","modified_gmt":"2018-06-20T20:13:13","slug":"assembleia-mensal","status":"publish","type":"post","link":"https:\/\/assemit.com.br\/novo\/?p=1942","title":{"rendered":"Assembleia Mensal"},"content":{"rendered":"<p><img loading=\"lazy\" decoding=\"async\" class=\"aligncenter wp-image-1943 size-full\" src=\"http:\/\/www.assemit.com.br\/novo2017\/wp-content\/uploads\/2018\/06\/3-1.jpg\" alt=\"\" width=\"531\" height=\"157\" srcset=\"https:\/\/assemit.com.br\/novo\/wp-content\/uploads\/2018\/06\/3-1.jpg 531w, https:\/\/assemit.com.br\/novo\/wp-content\/uploads\/2018\/06\/3-1-300x89.jpg 300w\" sizes=\"auto, (max-width: 531px) 100vw, 531px\" \/><\/p>\n<p>Realizou-se na noite de ontem, 19, Assembleia Mensal da Assemit, onde foram tratados diversos assuntos: Simpl\u00edcio Meurer explanou sobre a Garante Oeste SC\u2013 Sociedade de Garantia de Cr\u00e9dito, trazendo mais informa\u00e7\u00f5es \u00e0s empresas sobre essa importante ferramenta, relato sobre a participa\u00e7\u00e3o na Expogest\u00e3o e Encontro das ACIS, hor\u00e1rio do com\u00e9rcio na Copa do Mundo durante os jogos da Sele\u00e7\u00e3o Brasileira e convite para o evento do N\u00facleo do Jovem Empreendedor, \u201cMomento Empreendedor\u201d, no dia 27\/06, que trar\u00e1 o case com Davi Eyng, s\u00f3cio administrador da Eurofrig e Neidi Cassol, que falar\u00e1 sobre Comportamento Empreendedor x Intelig\u00eancia Emocional.<\/p>\n","protected":false},"excerpt":{"rendered":"<p>Realizou-se na noite de ontem, 19, Assembleia Mensal da Assemit, onde foram tratados diversos assuntos: Simpl\u00edcio Meurer explanou sobre a Garante Oeste SC\u2013 Sociedade de Garantia de Cr\u00e9dito, trazendo mais informa\u00e7\u00f5es \u00e0s empresas sobre essa importante ferramenta, relato sobre a [&hellip;]<\/p>\n","protected":false},"author":5,"featured_media":0,"comment_status":"closed","ping_status":"closed","sticky":false,"template":"","format":"standard","meta":{"ngg_post_thumbnail":0,"footnotes":""},"categories":[6],"tags":[18],"class_list":["post-1942","post","type-post","status-publish","format-standard","hentry","category-novidades","tag-assembleia-assemit-expogestao-encontro-das-acis"],"_links":{"self":[{"href":"https:\/\/assemit.com.br\/novo\/index.php?rest_route=\/wp\/v2\/posts\/1942","targetHints":{"allow":["GET"]}}],"collection":[{"href":"https:\/\/assemit.com.br\/novo\/index.php?rest_route=\/wp\/v2\/posts"}],"about":[{"href":"https:\/\/assemit.com.br\/novo\/index.php?rest_route=\/wp\/v2\/types\/post"}],"author":[{"embeddable":true,"href":"https:\/\/assemit.com.br\/novo\/index.php?rest_route=\/wp\/v2\/users\/5"}],"replies":[{"embeddable":true,"href":"https:\/\/assemit.com.br\/novo\/index.php?rest_route=%2Fwp%2Fv2%2Fcomments&post=1942"}],"version-history":[{"count":1,"href":"https:\/\/assemit.com.br\/novo\/index.php?rest_route=\/wp\/v2\/posts\/1942\/revisions"}],"predecessor-version":[{"id":1944,"href":"https:\/\/assemit.com.br\/novo\/index.php?rest_route=\/wp\/v2\/posts\/1942\/revisions\/1944"}],"wp:attachment":[{"href":"https:\/\/assemit.com.br\/novo\/index.php?rest_route=%2Fwp%2Fv2%2Fmedia&parent=1942"}],"wp:term":[{"taxonomy":"category","embeddable":true,"href":"https:\/\/assemit.com.br\/novo\/index.php?rest_route=%2Fwp%2Fv2%2Fcategories&post=1942"},{"taxonomy":"post_tag","embeddable":true,"href":"https:\/\/assemit.com.br\/novo\/index.php?rest_route=%2Fwp%2Fv2%2Ftags&post=1942"}],"curies":[{"name":"wp","href":"https:\/\/api.w.org\/{rel}","templated":true}]}}