{"id":1945,"date":"2018-06-21T11:55:36","date_gmt":"2018-06-21T14:55:36","guid":{"rendered":"http:\/\/www.assemit.com.br\/novo2017\/?p=1945"},"modified":"2018-07-02T08:52:35","modified_gmt":"2018-07-02T11:52:35","slug":"efrait-2019","status":"publish","type":"post","link":"https:\/\/assemit.com.br\/novo\/?p=1945","title":{"rendered":"Efrait 2019"},"content":{"rendered":"<p><img loading=\"lazy\" decoding=\"async\" class=\"aligncenter wp-image-1946 size-full\" src=\"http:\/\/www.assemit.com.br\/novo2017\/wp-content\/uploads\/2018\/06\/2.png\" alt=\"\" width=\"528\" height=\"317\" srcset=\"https:\/\/assemit.com.br\/novo\/wp-content\/uploads\/2018\/06\/2.png 528w, https:\/\/assemit.com.br\/novo\/wp-content\/uploads\/2018\/06\/2-300x180.png 300w\" sizes=\"auto, (max-width: 528px) 100vw, 528px\" \/><\/p>\n<p>Membros da comiss\u00e3o organizadora, Assemit e administra\u00e7\u00e3o municipal reuniram-se hoje, 21, para organizar o cronograma de trabalho da EFRAIT &#8211; Exposi\u00e7\u00e3o Feira Agropecu\u00e1ria, Comercial e Industrial de Itapiranga, que se realizar\u00e1 de 3 a 5 de maio de 2019.<\/p>\n","protected":false},"excerpt":{"rendered":"<p>Membros da comiss\u00e3o organizadora, Assemit e administra\u00e7\u00e3o municipal reuniram-se hoje, 21, para organizar o cronograma de trabalho da EFRAIT &#8211; Exposi\u00e7\u00e3o Feira Agropecu\u00e1ria, Comercial e Industrial de Itapiranga, que se realizar\u00e1 de 3 a 5 de maio de 2019.<\/p>\n","protected":false},"author":5,"featured_media":0,"comment_status":"closed","ping_status":"closed","sticky":false,"template":"","format":"standard","meta":{"ngg_post_thumbnail":0,"footnotes":""},"categories":[6],"tags":[19],"class_list":["post-1945","post","type-post","status-publish","format-standard","hentry","category-novidades","tag-assemit-efrait"],"_links":{"self":[{"href":"https:\/\/assemit.com.br\/novo\/index.php?rest_route=\/wp\/v2\/posts\/1945","targetHints":{"allow":["GET"]}}],"collection":[{"href":"https:\/\/assemit.com.br\/novo\/index.php?rest_route=\/wp\/v2\/posts"}],"about":[{"href":"https:\/\/assemit.com.br\/novo\/index.php?rest_route=\/wp\/v2\/types\/post"}],"author":[{"embeddable":true,"href":"https:\/\/assemit.com.br\/novo\/index.php?rest_route=\/wp\/v2\/users\/5"}],"replies":[{"embeddable":true,"href":"https:\/\/assemit.com.br\/novo\/index.php?rest_route=%2Fwp%2Fv2%2Fcomments&post=1945"}],"version-history":[{"count":2,"href":"https:\/\/assemit.com.br\/novo\/index.php?rest_route=\/wp\/v2\/posts\/1945\/revisions"}],"predecessor-version":[{"id":1956,"href":"https:\/\/assemit.com.br\/novo\/index.php?rest_route=\/wp\/v2\/posts\/1945\/revisions\/1956"}],"wp:attachment":[{"href":"https:\/\/assemit.com.br\/novo\/index.php?rest_route=%2Fwp%2Fv2%2Fmedia&parent=1945"}],"wp:term":[{"taxonomy":"category","embeddable":true,"href":"https:\/\/assemit.com.br\/novo\/index.php?rest_route=%2Fwp%2Fv2%2Fcategories&post=1945"},{"taxonomy":"post_tag","embeddable":true,"href":"https:\/\/assemit.com.br\/novo\/index.php?rest_route=%2Fwp%2Fv2%2Ftags&post=1945"}],"curies":[{"name":"wp","href":"https:\/\/api.w.org\/{rel}","templated":true}]}}