{"id":195,"date":"2013-03-04T14:41:31","date_gmt":"2013-03-04T14:41:31","guid":{"rendered":"http:\/\/novo2017.assemit.com.br\/?p=195"},"modified":"2013-03-04T14:41:31","modified_gmt":"2013-03-04T14:41:31","slug":"seguranca-publica-e-transito-sao-debatidos","status":"publish","type":"post","link":"https:\/\/assemit.com.br\/novo\/?p=195","title":{"rendered":"Seguran\u00e7a p\u00fablica e Tr\u00e2nsito s\u00e3o debatidos"},"content":{"rendered":"<p>\u00a0<\/p>\n<p class=\"MsoNormal\" style=\"margin-bottom: .0001pt; text-align: justify;\"><img loading=\"lazy\" decoding=\"async\" class=\" size-full wp-image-194\" src=\"http:\/\/novo2017.assemit.com.br\/wp-content\/uploads\/2013\/03\/segurana%20pblica.jpg\" border=\"0\" width=\"700\" height=\"523\" \/><\/p>\n<p style=\"text-align: justify;\">Estiveram reunidos na manh\u00e3 de segunda feira dia 25, na sala de reuni\u00f5es da ASSEMIT, membros da diretoria, coordenadores dos n\u00facleos e o Delegado de Pol\u00edcia da Comarca de Itapiranga, Wesley Andrade. A ASSEMIT, preocupada com a situa\u00e7\u00e3o diante dos fatos ocorridos recentemente com furtos e assalto a m\u00e3o armada nas empresas do munic\u00edpio, busca alternativas para solucionar o problema. Sistema de c\u00e2meras de monitoramento deve ser a solu\u00e7\u00e3o mais conveniente para o momento. De acordo com o delegado, a instala\u00e7\u00e3o das c\u00e2meras de monitoramento vai inibir a a\u00e7\u00e3o dos criminosos. Foi discutida a situa\u00e7\u00e3o de que Itapiranga seria contemplada com o projeto BEM TE VI, que consiste na instala\u00e7\u00e3o destes equipamentos. Os empres\u00e1rios discutiram ainda, se n\u00e3o haver uma agilidade nas instala\u00e7\u00f5es destes, por parte do estado, empres\u00e1rios e poder p\u00fablico municipal deveriam viabilizar este sistema, apesar dos altos valores.<\/p>\n<p>Outro assunto debatido \u00e9 a velha quest\u00e3o do tr\u00e2nsito, principalmente a falta de estacionamento. Mais uma vez, foi constatado que um dos maiores problemas se traduz nos pr\u00f3prios empres\u00e1rios que deixam seus ve\u00edculos em frente aos estabelecimentos comerciais, diminuindo o espa\u00e7o para os clientes. Algumas sugest\u00f5es foram levantadas e est\u00e3o em an\u00e1lise.<\/p>\n<p>\u00a0<\/p>\n<p>\u00a0<\/p>\n<p class=\"MsoNormal\" style=\"margin-bottom: .0001pt; text-align: justify;\">\u00a0<\/p>\n<p>\u00a0<\/p>\n","protected":false},"excerpt":{"rendered":"<p>\u00a0 Estiveram reunidos na manh\u00e3 de segunda feira dia 25, na sala de reuni\u00f5es da ASSEMIT, membros da diretoria, coordenadores dos n\u00facleos e o Delegado de Pol\u00edcia da Comarca de Itapiranga, Wesley Andrade. A ASSEMIT, preocupada com a situa\u00e7\u00e3o diante [&hellip;]<\/p>\n","protected":false},"author":1,"featured_media":194,"comment_status":"open","ping_status":"open","sticky":false,"template":"","format":"standard","meta":{"ngg_post_thumbnail":0,"footnotes":""},"categories":[6],"tags":[],"class_list":["post-195","post","type-post","status-publish","format-standard","has-post-thumbnail","hentry","category-novidades"],"_links":{"self":[{"href":"https:\/\/assemit.com.br\/novo\/index.php?rest_route=\/wp\/v2\/posts\/195","targetHints":{"allow":["GET"]}}],"collection":[{"href":"https:\/\/assemit.com.br\/novo\/index.php?rest_route=\/wp\/v2\/posts"}],"about":[{"href":"https:\/\/assemit.com.br\/novo\/index.php?rest_route=\/wp\/v2\/types\/post"}],"author":[{"embeddable":true,"href":"https:\/\/assemit.com.br\/novo\/index.php?rest_route=\/wp\/v2\/users\/1"}],"replies":[{"embeddable":true,"href":"https:\/\/assemit.com.br\/novo\/index.php?rest_route=%2Fwp%2Fv2%2Fcomments&post=195"}],"version-history":[{"count":0,"href":"https:\/\/assemit.com.br\/novo\/index.php?rest_route=\/wp\/v2\/posts\/195\/revisions"}],"wp:featuredmedia":[{"embeddable":true,"href":"https:\/\/assemit.com.br\/novo\/index.php?rest_route=\/wp\/v2\/media\/194"}],"wp:attachment":[{"href":"https:\/\/assemit.com.br\/novo\/index.php?rest_route=%2Fwp%2Fv2%2Fmedia&parent=195"}],"wp:term":[{"taxonomy":"category","embeddable":true,"href":"https:\/\/assemit.com.br\/novo\/index.php?rest_route=%2Fwp%2Fv2%2Fcategories&post=195"},{"taxonomy":"post_tag","embeddable":true,"href":"https:\/\/assemit.com.br\/novo\/index.php?rest_route=%2Fwp%2Fv2%2Ftags&post=195"}],"curies":[{"name":"wp","href":"https:\/\/api.w.org\/{rel}","templated":true}]}}