{"id":1953,"date":"2018-06-28T09:22:30","date_gmt":"2018-06-28T12:22:30","guid":{"rendered":"http:\/\/www.assemit.com.br\/novo2017\/?p=1953"},"modified":"2018-06-28T09:22:30","modified_gmt":"2018-06-28T12:22:30","slug":"momento-empreendedor","status":"publish","type":"post","link":"https:\/\/assemit.com.br\/novo\/?p=1953","title":{"rendered":"Momento Empreendedor"},"content":{"rendered":"<p><img loading=\"lazy\" decoding=\"async\" class=\"aligncenter wp-image-1954 size-full\" src=\"http:\/\/www.assemit.com.br\/novo2017\/wp-content\/uploads\/2018\/06\/6.jpg\" alt=\"\" width=\"528\" height=\"319\" srcset=\"https:\/\/assemit.com.br\/novo\/wp-content\/uploads\/2018\/06\/6.jpg 528w, https:\/\/assemit.com.br\/novo\/wp-content\/uploads\/2018\/06\/6-300x181.jpg 300w\" sizes=\"auto, (max-width: 528px) 100vw, 528px\" \/><\/p>\n<p>Buscando desenvolver a\u00e7\u00f5es que estimulem o empres\u00e1rio a buscar conhecimento e desenvolvimento para suas empresas, o N\u00facleo do Jovem Empreendedor realizou na noite de ontem, 27, o Momento Empreendedor, que trouxe o case empresarial de Davi Eyng, s\u00f3cio propriet\u00e1rio da Eurofrig, que contou sua hist\u00f3ria de muito trabalho e dedica\u00e7\u00e3o, ressaltando o potencial da nossa regi\u00e3o e do crescimento que o empreendedorismo propicia. Em seguida, Neidi Cassol palestrou sobre Comportamento Empreendedor x \u00a0Intelig\u00eancia Emocional, trabalhando a auto lideran\u00e7a , comprometimento, disciplina di\u00e1ria no ambiente de trabalho, apontando ainda a import\u00e2ncia da inova\u00e7\u00e3o e a necessidade de aprender sempre, tudo isso atrelado a intelig\u00eancia emocional e a gest\u00e3o das emo\u00e7\u00f5es na jornada do empreendedor.<\/p>\n","protected":false},"excerpt":{"rendered":"<p>Buscando desenvolver a\u00e7\u00f5es que estimulem o empres\u00e1rio a buscar conhecimento e desenvolvimento para suas empresas, o N\u00facleo do Jovem Empreendedor realizou na noite de ontem, 27, o Momento Empreendedor, que trouxe o case empresarial de Davi Eyng, s\u00f3cio propriet\u00e1rio da [&hellip;]<\/p>\n","protected":false},"author":5,"featured_media":0,"comment_status":"closed","ping_status":"closed","sticky":false,"template":"","format":"standard","meta":{"ngg_post_thumbnail":0,"footnotes":""},"categories":[6],"tags":[21],"class_list":["post-1953","post","type-post","status-publish","format-standard","hentry","category-novidades","tag-nucleo-do-jovem-empreendedor-neidi-cassol-eurofrig-assemit"],"_links":{"self":[{"href":"https:\/\/assemit.com.br\/novo\/index.php?rest_route=\/wp\/v2\/posts\/1953","targetHints":{"allow":["GET"]}}],"collection":[{"href":"https:\/\/assemit.com.br\/novo\/index.php?rest_route=\/wp\/v2\/posts"}],"about":[{"href":"https:\/\/assemit.com.br\/novo\/index.php?rest_route=\/wp\/v2\/types\/post"}],"author":[{"embeddable":true,"href":"https:\/\/assemit.com.br\/novo\/index.php?rest_route=\/wp\/v2\/users\/5"}],"replies":[{"embeddable":true,"href":"https:\/\/assemit.com.br\/novo\/index.php?rest_route=%2Fwp%2Fv2%2Fcomments&post=1953"}],"version-history":[{"count":1,"href":"https:\/\/assemit.com.br\/novo\/index.php?rest_route=\/wp\/v2\/posts\/1953\/revisions"}],"predecessor-version":[{"id":1955,"href":"https:\/\/assemit.com.br\/novo\/index.php?rest_route=\/wp\/v2\/posts\/1953\/revisions\/1955"}],"wp:attachment":[{"href":"https:\/\/assemit.com.br\/novo\/index.php?rest_route=%2Fwp%2Fv2%2Fmedia&parent=1953"}],"wp:term":[{"taxonomy":"category","embeddable":true,"href":"https:\/\/assemit.com.br\/novo\/index.php?rest_route=%2Fwp%2Fv2%2Fcategories&post=1953"},{"taxonomy":"post_tag","embeddable":true,"href":"https:\/\/assemit.com.br\/novo\/index.php?rest_route=%2Fwp%2Fv2%2Ftags&post=1953"}],"curies":[{"name":"wp","href":"https:\/\/api.w.org\/{rel}","templated":true}]}}