{"id":1962,"date":"2018-07-18T13:49:45","date_gmt":"2018-07-18T16:49:45","guid":{"rendered":"http:\/\/www.assemit.com.br\/novo2017\/?p=1962"},"modified":"2018-07-18T13:49:45","modified_gmt":"2018-07-18T16:49:45","slug":"assembleia-mensal-2","status":"publish","type":"post","link":"https:\/\/assemit.com.br\/novo\/?p=1962","title":{"rendered":"Assembleia Mensal"},"content":{"rendered":"<p><img loading=\"lazy\" decoding=\"async\" class=\"aligncenter wp-image-1963 size-full\" src=\"http:\/\/www.assemit.com.br\/novo2017\/wp-content\/uploads\/2018\/07\/2.jpg\" alt=\"\" width=\"531\" height=\"197\" srcset=\"https:\/\/assemit.com.br\/novo\/wp-content\/uploads\/2018\/07\/2.jpg 531w, https:\/\/assemit.com.br\/novo\/wp-content\/uploads\/2018\/07\/2-300x111.jpg 300w\" sizes=\"auto, (max-width: 531px) 100vw, 531px\" \/><\/p>\n<p>A Assemit realizou na noite de ontem, 17, Assembleia Mensal, que trouxe aos associados informa\u00e7\u00f5es sobre os pr\u00f3ximos eventos da Associa\u00e7\u00e3o, convite para o desfile e Bierwagen da 40\u00aa Oktoberfest, convite para participa\u00e7\u00e3o do PEDEM e Curso de Pequenas Marcas e M\u00eddias Sociais, tamb\u00e9m para o desfile da 10\u00aa Deutsche Woche, em S\u00e3o Jo\u00e3o do Oeste. Na sequencia teve o workshop sobre o SCPC BVS e Score de Cr\u00e9dito com o representante Comercial da FACISC, Maikel Estoskes.<\/p>\n","protected":false},"excerpt":{"rendered":"<p>A Assemit realizou na noite de ontem, 17, Assembleia Mensal, que trouxe aos associados informa\u00e7\u00f5es sobre os pr\u00f3ximos eventos da Associa\u00e7\u00e3o, convite para o desfile e Bierwagen da 40\u00aa Oktoberfest, convite para participa\u00e7\u00e3o do PEDEM e Curso de Pequenas Marcas [&hellip;]<\/p>\n","protected":false},"author":5,"featured_media":0,"comment_status":"closed","ping_status":"closed","sticky":false,"template":"","format":"standard","meta":{"ngg_post_thumbnail":0,"footnotes":""},"categories":[6],"tags":[23],"class_list":["post-1962","post","type-post","status-publish","format-standard","hentry","category-novidades","tag-assemit-boa-vista-scpc-score-de-credito"],"_links":{"self":[{"href":"https:\/\/assemit.com.br\/novo\/index.php?rest_route=\/wp\/v2\/posts\/1962","targetHints":{"allow":["GET"]}}],"collection":[{"href":"https:\/\/assemit.com.br\/novo\/index.php?rest_route=\/wp\/v2\/posts"}],"about":[{"href":"https:\/\/assemit.com.br\/novo\/index.php?rest_route=\/wp\/v2\/types\/post"}],"author":[{"embeddable":true,"href":"https:\/\/assemit.com.br\/novo\/index.php?rest_route=\/wp\/v2\/users\/5"}],"replies":[{"embeddable":true,"href":"https:\/\/assemit.com.br\/novo\/index.php?rest_route=%2Fwp%2Fv2%2Fcomments&post=1962"}],"version-history":[{"count":1,"href":"https:\/\/assemit.com.br\/novo\/index.php?rest_route=\/wp\/v2\/posts\/1962\/revisions"}],"predecessor-version":[{"id":1964,"href":"https:\/\/assemit.com.br\/novo\/index.php?rest_route=\/wp\/v2\/posts\/1962\/revisions\/1964"}],"wp:attachment":[{"href":"https:\/\/assemit.com.br\/novo\/index.php?rest_route=%2Fwp%2Fv2%2Fmedia&parent=1962"}],"wp:term":[{"taxonomy":"category","embeddable":true,"href":"https:\/\/assemit.com.br\/novo\/index.php?rest_route=%2Fwp%2Fv2%2Fcategories&post=1962"},{"taxonomy":"post_tag","embeddable":true,"href":"https:\/\/assemit.com.br\/novo\/index.php?rest_route=%2Fwp%2Fv2%2Ftags&post=1962"}],"curies":[{"name":"wp","href":"https:\/\/api.w.org\/{rel}","templated":true}]}}