{"id":1975,"date":"2018-07-27T16:00:12","date_gmt":"2018-07-27T19:00:12","guid":{"rendered":"http:\/\/www.assemit.com.br\/novo2017\/?p=1975"},"modified":"2018-07-27T16:00:12","modified_gmt":"2018-07-27T19:00:12","slug":"assemit-recebe-visita-de-comitiva-da-facisc-na-nova-sede-administrativa","status":"publish","type":"post","link":"https:\/\/assemit.com.br\/novo\/?p=1975","title":{"rendered":"Assemit recebe visita de comitiva da FACISC na nova Sede Administrativa"},"content":{"rendered":"<p><img loading=\"lazy\" decoding=\"async\" class=\"aligncenter wp-image-1976 size-full\" src=\"http:\/\/www.assemit.com.br\/novo2017\/wp-content\/uploads\/2018\/07\/9.jpg\" alt=\"\" width=\"531\" height=\"317\" srcset=\"https:\/\/assemit.com.br\/novo\/wp-content\/uploads\/2018\/07\/9.jpg 531w, https:\/\/assemit.com.br\/novo\/wp-content\/uploads\/2018\/07\/9-300x179.jpg 300w\" sizes=\"auto, (max-width: 531px) 100vw, 531px\" \/><\/p>\n<p>&nbsp;<\/p>\n<p>Na manh\u00e3 desta sexta-feira (27\/07), a Assemit recebeu em sua Sede Administrativa a visita do presidente da FACISC &#8211; Federa\u00e7\u00e3o Das Associa\u00e7\u00f5es Empresariais de Santa Catarina, Jonny Zulauf e sua comitiva. O intuito da visita \u00e9 conhecer as associa\u00e7\u00f5es, trocar ideias e aproximar a Federa\u00e7\u00e3o das entidades. Ainda na data de hoje, o presidente Jonny esteve na ACISMO em S\u00e3o Miguel do Oeste e a tarde presidir\u00e1 a Plen\u00e1ria da FACISC na ACISJO de S\u00e3o Jo\u00e3o do Oeste. Em Itapiranga, alguns membros da diretoria da Assemit recepcionaram os integrantes da FACISC e ap\u00f3s um bate papo sobre associativismo e empreendedorismo, houve a oportunidade de explanar sobre a hist\u00f3ria de Itapiranga e o Ber\u00e7o Nacional da Oktoberfest, finalizando em uma confraterniza\u00e7\u00e3o.<\/p>\n<p>O presidente da Assemit, Clemente Schnorrenberger, avalia como muito positiva e importante a iniciativa da FACISC de visitar as associa\u00e7\u00f5es, pois estimula as entidades na busca crescimento do associativismo e o desenvolvimento das empresas. \u00c9 de grande import\u00e2ncia a representatividade que a FACISC tem entre as associa\u00e7\u00f5es e o meio empresarial trazendo seguran\u00e7a e objetividade as associa\u00e7\u00f5es.<\/p>\n","protected":false},"excerpt":{"rendered":"<p>&nbsp; Na manh\u00e3 desta sexta-feira (27\/07), a Assemit recebeu em sua Sede Administrativa a visita do presidente da FACISC &#8211; Federa\u00e7\u00e3o Das Associa\u00e7\u00f5es Empresariais de Santa Catarina, Jonny Zulauf e sua comitiva. O intuito da visita \u00e9 conhecer as associa\u00e7\u00f5es, [&hellip;]<\/p>\n","protected":false},"author":5,"featured_media":0,"comment_status":"closed","ping_status":"closed","sticky":false,"template":"","format":"standard","meta":{"ngg_post_thumbnail":0,"footnotes":""},"categories":[6],"tags":[26],"class_list":["post-1975","post","type-post","status-publish","format-standard","hentry","category-novidades","tag-facisc-associativismo-itapiranga"],"_links":{"self":[{"href":"https:\/\/assemit.com.br\/novo\/index.php?rest_route=\/wp\/v2\/posts\/1975","targetHints":{"allow":["GET"]}}],"collection":[{"href":"https:\/\/assemit.com.br\/novo\/index.php?rest_route=\/wp\/v2\/posts"}],"about":[{"href":"https:\/\/assemit.com.br\/novo\/index.php?rest_route=\/wp\/v2\/types\/post"}],"author":[{"embeddable":true,"href":"https:\/\/assemit.com.br\/novo\/index.php?rest_route=\/wp\/v2\/users\/5"}],"replies":[{"embeddable":true,"href":"https:\/\/assemit.com.br\/novo\/index.php?rest_route=%2Fwp%2Fv2%2Fcomments&post=1975"}],"version-history":[{"count":1,"href":"https:\/\/assemit.com.br\/novo\/index.php?rest_route=\/wp\/v2\/posts\/1975\/revisions"}],"predecessor-version":[{"id":1977,"href":"https:\/\/assemit.com.br\/novo\/index.php?rest_route=\/wp\/v2\/posts\/1975\/revisions\/1977"}],"wp:attachment":[{"href":"https:\/\/assemit.com.br\/novo\/index.php?rest_route=%2Fwp%2Fv2%2Fmedia&parent=1975"}],"wp:term":[{"taxonomy":"category","embeddable":true,"href":"https:\/\/assemit.com.br\/novo\/index.php?rest_route=%2Fwp%2Fv2%2Fcategories&post=1975"},{"taxonomy":"post_tag","embeddable":true,"href":"https:\/\/assemit.com.br\/novo\/index.php?rest_route=%2Fwp%2Fv2%2Ftags&post=1975"}],"curies":[{"name":"wp","href":"https:\/\/api.w.org\/{rel}","templated":true}]}}