{"id":1978,"date":"2018-07-30T14:07:07","date_gmt":"2018-07-30T17:07:07","guid":{"rendered":"http:\/\/www.assemit.com.br\/novo2017\/?p=1978"},"modified":"2018-07-30T14:07:07","modified_gmt":"2018-07-30T17:07:07","slug":"assemit-participa-de-plenaria-da-facisc","status":"publish","type":"post","link":"https:\/\/assemit.com.br\/novo\/?p=1978","title":{"rendered":"Assemit participa de Plen\u00e1ria da FACISC"},"content":{"rendered":"<p><img loading=\"lazy\" decoding=\"async\" class=\"aligncenter wp-image-1979 size-large\" src=\"http:\/\/www.assemit.com.br\/novo2017\/wp-content\/uploads\/2018\/07\/WhatsApp-Image-2018-07-30-at-13.46.18-1024x576.jpeg\" alt=\"\" width=\"660\" height=\"371\" srcset=\"https:\/\/assemit.com.br\/novo\/wp-content\/uploads\/2018\/07\/WhatsApp-Image-2018-07-30-at-13.46.18-1024x576.jpeg 1024w, https:\/\/assemit.com.br\/novo\/wp-content\/uploads\/2018\/07\/WhatsApp-Image-2018-07-30-at-13.46.18-300x169.jpeg 300w, https:\/\/assemit.com.br\/novo\/wp-content\/uploads\/2018\/07\/WhatsApp-Image-2018-07-30-at-13.46.18-768x432.jpeg 768w, https:\/\/assemit.com.br\/novo\/wp-content\/uploads\/2018\/07\/WhatsApp-Image-2018-07-30-at-13.46.18-619x348.jpeg 619w, https:\/\/assemit.com.br\/novo\/wp-content\/uploads\/2018\/07\/WhatsApp-Image-2018-07-30-at-13.46.18.jpeg 1280w\" sizes=\"auto, (max-width: 660px) 100vw, 660px\" \/><\/p>\n<p>Na tarde de sexta feira, 27\/07, membros da Assemit participaram da Plen\u00e1ria da FACISC realizada em S\u00e3o Jo\u00e3o do Oeste, durante as festividades da 10\u00aa Deutsche Woche, tendo como intuito proporcionar aos participantes vivenciar a cultura alem\u00e3. Diversos assuntos foram discutidos, dentre eles a palestra sobre Turismo com Ci\u00e7a Muller &#8211; Vice-Presidente de Turismo da FACISC.<\/p>\n","protected":false},"excerpt":{"rendered":"<p>Na tarde de sexta feira, 27\/07, membros da Assemit participaram da Plen\u00e1ria da FACISC realizada em S\u00e3o Jo\u00e3o do Oeste, durante as festividades da 10\u00aa Deutsche Woche, tendo como intuito proporcionar aos participantes vivenciar a cultura alem\u00e3. Diversos assuntos foram [&hellip;]<\/p>\n","protected":false},"author":5,"featured_media":0,"comment_status":"closed","ping_status":"closed","sticky":false,"template":"","format":"standard","meta":{"ngg_post_thumbnail":0,"footnotes":""},"categories":[6],"tags":[27],"class_list":["post-1978","post","type-post","status-publish","format-standard","hentry","category-novidades","tag-assemit-acisjo-deutsche-woche-facisc-plenaria"],"_links":{"self":[{"href":"https:\/\/assemit.com.br\/novo\/index.php?rest_route=\/wp\/v2\/posts\/1978","targetHints":{"allow":["GET"]}}],"collection":[{"href":"https:\/\/assemit.com.br\/novo\/index.php?rest_route=\/wp\/v2\/posts"}],"about":[{"href":"https:\/\/assemit.com.br\/novo\/index.php?rest_route=\/wp\/v2\/types\/post"}],"author":[{"embeddable":true,"href":"https:\/\/assemit.com.br\/novo\/index.php?rest_route=\/wp\/v2\/users\/5"}],"replies":[{"embeddable":true,"href":"https:\/\/assemit.com.br\/novo\/index.php?rest_route=%2Fwp%2Fv2%2Fcomments&post=1978"}],"version-history":[{"count":1,"href":"https:\/\/assemit.com.br\/novo\/index.php?rest_route=\/wp\/v2\/posts\/1978\/revisions"}],"predecessor-version":[{"id":1980,"href":"https:\/\/assemit.com.br\/novo\/index.php?rest_route=\/wp\/v2\/posts\/1978\/revisions\/1980"}],"wp:attachment":[{"href":"https:\/\/assemit.com.br\/novo\/index.php?rest_route=%2Fwp%2Fv2%2Fmedia&parent=1978"}],"wp:term":[{"taxonomy":"category","embeddable":true,"href":"https:\/\/assemit.com.br\/novo\/index.php?rest_route=%2Fwp%2Fv2%2Fcategories&post=1978"},{"taxonomy":"post_tag","embeddable":true,"href":"https:\/\/assemit.com.br\/novo\/index.php?rest_route=%2Fwp%2Fv2%2Ftags&post=1978"}],"curies":[{"name":"wp","href":"https:\/\/api.w.org\/{rel}","templated":true}]}}