{"id":1985,"date":"2018-07-30T16:07:49","date_gmt":"2018-07-30T19:07:49","guid":{"rendered":"http:\/\/www.assemit.com.br\/novo2017\/?p=1985"},"modified":"2018-07-30T16:07:49","modified_gmt":"2018-07-30T19:07:49","slug":"assemit-participa-de-desfile-da-10a-deutsche-woche","status":"publish","type":"post","link":"https:\/\/assemit.com.br\/novo\/?p=1985","title":{"rendered":"Assemit participa de Desfile da 10\u00aa Deutsche Woche"},"content":{"rendered":"<p><img loading=\"lazy\" decoding=\"async\" class=\"aligncenter wp-image-1986 size-large\" src=\"http:\/\/www.assemit.com.br\/novo2017\/wp-content\/uploads\/2018\/07\/WhatsApp-Image-2018-07-30-at-15.37.35-1-1024x655.jpeg\" alt=\"\" width=\"660\" height=\"422\" srcset=\"https:\/\/assemit.com.br\/novo\/wp-content\/uploads\/2018\/07\/WhatsApp-Image-2018-07-30-at-15.37.35-1-1024x655.jpeg 1024w, https:\/\/assemit.com.br\/novo\/wp-content\/uploads\/2018\/07\/WhatsApp-Image-2018-07-30-at-15.37.35-1-300x192.jpeg 300w, https:\/\/assemit.com.br\/novo\/wp-content\/uploads\/2018\/07\/WhatsApp-Image-2018-07-30-at-15.37.35-1-768x491.jpeg 768w, https:\/\/assemit.com.br\/novo\/wp-content\/uploads\/2018\/07\/WhatsApp-Image-2018-07-30-at-15.37.35-1-619x396.jpeg 619w, https:\/\/assemit.com.br\/novo\/wp-content\/uploads\/2018\/07\/WhatsApp-Image-2018-07-30-at-15.37.35-1.jpeg 1063w\" sizes=\"auto, (max-width: 660px) 100vw, 660px\" \/><\/p>\n<p>A Assemit participou na tarde de s\u00e1bado, 28\/07, juntamente com a Prefeitura Municipal de Itapiranga e Comiss\u00e3o Organizadora da Oktoberfest, do desfile da 10\u00aa Deutsche Woche, em S\u00e3o Jo\u00e3o do Oeste. \u00a0Membros da diretoria e N\u00facleos do Jovem Empreendedor, Mulher Empres\u00e1ria e Contadores estiveram representando a Associa\u00e7\u00e3o. A Assemit considera muito importante participar de eventos de outras entidades, representar a associa\u00e7\u00e3o e tamb\u00e9m a cultura alem\u00e3.<\/p>\n","protected":false},"excerpt":{"rendered":"<p>A Assemit participou na tarde de s\u00e1bado, 28\/07, juntamente com a Prefeitura Municipal de Itapiranga e Comiss\u00e3o Organizadora da Oktoberfest, do desfile da 10\u00aa Deutsche Woche, em S\u00e3o Jo\u00e3o do Oeste. \u00a0Membros da diretoria e N\u00facleos do Jovem Empreendedor, Mulher [&hellip;]<\/p>\n","protected":false},"author":5,"featured_media":0,"comment_status":"closed","ping_status":"closed","sticky":false,"template":"","format":"standard","meta":{"ngg_post_thumbnail":0,"footnotes":""},"categories":[6],"tags":[28],"class_list":["post-1985","post","type-post","status-publish","format-standard","hentry","category-novidades","tag-assemit-acisjo-deutsche-woche-semana-alema"],"_links":{"self":[{"href":"https:\/\/assemit.com.br\/novo\/index.php?rest_route=\/wp\/v2\/posts\/1985","targetHints":{"allow":["GET"]}}],"collection":[{"href":"https:\/\/assemit.com.br\/novo\/index.php?rest_route=\/wp\/v2\/posts"}],"about":[{"href":"https:\/\/assemit.com.br\/novo\/index.php?rest_route=\/wp\/v2\/types\/post"}],"author":[{"embeddable":true,"href":"https:\/\/assemit.com.br\/novo\/index.php?rest_route=\/wp\/v2\/users\/5"}],"replies":[{"embeddable":true,"href":"https:\/\/assemit.com.br\/novo\/index.php?rest_route=%2Fwp%2Fv2%2Fcomments&post=1985"}],"version-history":[{"count":1,"href":"https:\/\/assemit.com.br\/novo\/index.php?rest_route=\/wp\/v2\/posts\/1985\/revisions"}],"predecessor-version":[{"id":1987,"href":"https:\/\/assemit.com.br\/novo\/index.php?rest_route=\/wp\/v2\/posts\/1985\/revisions\/1987"}],"wp:attachment":[{"href":"https:\/\/assemit.com.br\/novo\/index.php?rest_route=%2Fwp%2Fv2%2Fmedia&parent=1985"}],"wp:term":[{"taxonomy":"category","embeddable":true,"href":"https:\/\/assemit.com.br\/novo\/index.php?rest_route=%2Fwp%2Fv2%2Fcategories&post=1985"},{"taxonomy":"post_tag","embeddable":true,"href":"https:\/\/assemit.com.br\/novo\/index.php?rest_route=%2Fwp%2Fv2%2Ftags&post=1985"}],"curies":[{"name":"wp","href":"https:\/\/api.w.org\/{rel}","templated":true}]}}