{"id":1989,"date":"2018-08-07T10:48:17","date_gmt":"2018-08-07T13:48:17","guid":{"rendered":"http:\/\/www.assemit.com.br\/novo2017\/?p=1989"},"modified":"2018-08-07T10:48:17","modified_gmt":"2018-08-07T13:48:17","slug":"pedem","status":"publish","type":"post","link":"https:\/\/assemit.com.br\/novo\/?p=1989","title":{"rendered":"PEDEM"},"content":{"rendered":"<p><img loading=\"lazy\" decoding=\"async\" class=\"aligncenter wp-image-1990 size-large\" src=\"http:\/\/www.assemit.com.br\/novo2017\/wp-content\/uploads\/2018\/08\/WhatsApp-Image-2018-08-06-at-14.51.39-1024x575.jpeg\" alt=\"\" width=\"660\" height=\"371\" srcset=\"https:\/\/assemit.com.br\/novo\/wp-content\/uploads\/2018\/08\/WhatsApp-Image-2018-08-06-at-14.51.39-1024x575.jpeg 1024w, https:\/\/assemit.com.br\/novo\/wp-content\/uploads\/2018\/08\/WhatsApp-Image-2018-08-06-at-14.51.39-300x168.jpeg 300w, https:\/\/assemit.com.br\/novo\/wp-content\/uploads\/2018\/08\/WhatsApp-Image-2018-08-06-at-14.51.39-768x431.jpeg 768w, https:\/\/assemit.com.br\/novo\/wp-content\/uploads\/2018\/08\/WhatsApp-Image-2018-08-06-at-14.51.39-619x348.jpeg 619w, https:\/\/assemit.com.br\/novo\/wp-content\/uploads\/2018\/08\/WhatsApp-Image-2018-08-06-at-14.51.39.jpeg 1040w\" sizes=\"auto, (max-width: 660px) 100vw, 660px\" \/><\/p>\n<p>O primeiro Semin\u00e1rio de Defini\u00e7\u00e3o dos Eixos Econ\u00f4micos Estrat\u00e9gicos para a elabora\u00e7\u00e3o do Plano de Desenvolvimento Econ\u00f4mico Municipal \u2013 PEDEM de Itapiranga, atividade do projeto Cidade Empreendedora, do Sebrae, foi realizado dia 12\/07, no audit\u00f3rio da Assemit. A Assemit cedeu sua sala para a realiza\u00e7\u00e3o deste e dos demais encontros relativos ao programa, que aconteceram nos dias 30\/07, 31\/07 e 02\/08. Em todos os encontros, a Assemit teve membros ativos, que continuar\u00e3o participando das pr\u00f3ximas atividades relativas ao programa.<\/p>\n","protected":false},"excerpt":{"rendered":"<p>O primeiro Semin\u00e1rio de Defini\u00e7\u00e3o dos Eixos Econ\u00f4micos Estrat\u00e9gicos para a elabora\u00e7\u00e3o do Plano de Desenvolvimento Econ\u00f4mico Municipal \u2013 PEDEM de Itapiranga, atividade do projeto Cidade Empreendedora, do Sebrae, foi realizado dia 12\/07, no audit\u00f3rio da Assemit. A Assemit cedeu [&hellip;]<\/p>\n","protected":false},"author":5,"featured_media":0,"comment_status":"closed","ping_status":"closed","sticky":false,"template":"","format":"standard","meta":{"ngg_post_thumbnail":0,"footnotes":""},"categories":[6],"tags":[29],"class_list":["post-1989","post","type-post","status-publish","format-standard","hentry","category-novidades","tag-pedem-assemit-cidade-empreendedora-sebrae"],"_links":{"self":[{"href":"https:\/\/assemit.com.br\/novo\/index.php?rest_route=\/wp\/v2\/posts\/1989","targetHints":{"allow":["GET"]}}],"collection":[{"href":"https:\/\/assemit.com.br\/novo\/index.php?rest_route=\/wp\/v2\/posts"}],"about":[{"href":"https:\/\/assemit.com.br\/novo\/index.php?rest_route=\/wp\/v2\/types\/post"}],"author":[{"embeddable":true,"href":"https:\/\/assemit.com.br\/novo\/index.php?rest_route=\/wp\/v2\/users\/5"}],"replies":[{"embeddable":true,"href":"https:\/\/assemit.com.br\/novo\/index.php?rest_route=%2Fwp%2Fv2%2Fcomments&post=1989"}],"version-history":[{"count":1,"href":"https:\/\/assemit.com.br\/novo\/index.php?rest_route=\/wp\/v2\/posts\/1989\/revisions"}],"predecessor-version":[{"id":1991,"href":"https:\/\/assemit.com.br\/novo\/index.php?rest_route=\/wp\/v2\/posts\/1989\/revisions\/1991"}],"wp:attachment":[{"href":"https:\/\/assemit.com.br\/novo\/index.php?rest_route=%2Fwp%2Fv2%2Fmedia&parent=1989"}],"wp:term":[{"taxonomy":"category","embeddable":true,"href":"https:\/\/assemit.com.br\/novo\/index.php?rest_route=%2Fwp%2Fv2%2Fcategories&post=1989"},{"taxonomy":"post_tag","embeddable":true,"href":"https:\/\/assemit.com.br\/novo\/index.php?rest_route=%2Fwp%2Fv2%2Ftags&post=1989"}],"curies":[{"name":"wp","href":"https:\/\/api.w.org\/{rel}","templated":true}]}}