{"id":1992,"date":"2018-08-09T13:59:28","date_gmt":"2018-08-09T16:59:28","guid":{"rendered":"http:\/\/www.assemit.com.br\/novo2017\/?p=1992"},"modified":"2018-08-09T13:59:28","modified_gmt":"2018-08-09T16:59:28","slug":"gestao-de-financas-pessoais","status":"publish","type":"post","link":"https:\/\/assemit.com.br\/novo\/?p=1992","title":{"rendered":"Gest\u00e3o de Finan\u00e7as Pessoais"},"content":{"rendered":"<p><img loading=\"lazy\" decoding=\"async\" class=\"aligncenter wp-image-1993 size-full\" src=\"http:\/\/www.assemit.com.br\/novo2017\/wp-content\/uploads\/2018\/08\/5.jpg\" alt=\"\" width=\"530\" height=\"202\" srcset=\"https:\/\/assemit.com.br\/novo\/wp-content\/uploads\/2018\/08\/5.jpg 530w, https:\/\/assemit.com.br\/novo\/wp-content\/uploads\/2018\/08\/5-300x114.jpg 300w\" sizes=\"auto, (max-width: 530px) 100vw, 530px\" \/><\/p>\n<p>A 2\u00aa Turma do Curso de Gest\u00e3o de Finan\u00e7as Pessoais iniciou as atividades na noite de ontem, 08\/08, no Audit\u00f3rio da Assemit. Nesta noite foi tratado o m\u00f3dulo \u201cNossa rela\u00e7\u00e3o com o dinheiro\u201d. Nos pr\u00f3ximos encontros ser\u00e3o explanados os m\u00f3dulos: Or\u00e7amento pessoal e familiar, Cr\u00e9dito e endividamento, Investimentos, seguros e aposentadoria e Consumo consciente. Em breve haver\u00e1 uma nova turma.<\/p>\n","protected":false},"excerpt":{"rendered":"<p>A 2\u00aa Turma do Curso de Gest\u00e3o de Finan\u00e7as Pessoais iniciou as atividades na noite de ontem, 08\/08, no Audit\u00f3rio da Assemit. Nesta noite foi tratado o m\u00f3dulo \u201cNossa rela\u00e7\u00e3o com o dinheiro\u201d. Nos pr\u00f3ximos encontros ser\u00e3o explanados os m\u00f3dulos: [&hellip;]<\/p>\n","protected":false},"author":5,"featured_media":0,"comment_status":"closed","ping_status":"closed","sticky":false,"template":"","format":"standard","meta":{"ngg_post_thumbnail":0,"footnotes":""},"categories":[6],"tags":[15],"class_list":["post-1992","post","type-post","status-publish","format-standard","hentry","category-novidades","tag-assemit-sicoob-gestao-de-financas-pessoais"],"_links":{"self":[{"href":"https:\/\/assemit.com.br\/novo\/index.php?rest_route=\/wp\/v2\/posts\/1992","targetHints":{"allow":["GET"]}}],"collection":[{"href":"https:\/\/assemit.com.br\/novo\/index.php?rest_route=\/wp\/v2\/posts"}],"about":[{"href":"https:\/\/assemit.com.br\/novo\/index.php?rest_route=\/wp\/v2\/types\/post"}],"author":[{"embeddable":true,"href":"https:\/\/assemit.com.br\/novo\/index.php?rest_route=\/wp\/v2\/users\/5"}],"replies":[{"embeddable":true,"href":"https:\/\/assemit.com.br\/novo\/index.php?rest_route=%2Fwp%2Fv2%2Fcomments&post=1992"}],"version-history":[{"count":1,"href":"https:\/\/assemit.com.br\/novo\/index.php?rest_route=\/wp\/v2\/posts\/1992\/revisions"}],"predecessor-version":[{"id":1994,"href":"https:\/\/assemit.com.br\/novo\/index.php?rest_route=\/wp\/v2\/posts\/1992\/revisions\/1994"}],"wp:attachment":[{"href":"https:\/\/assemit.com.br\/novo\/index.php?rest_route=%2Fwp%2Fv2%2Fmedia&parent=1992"}],"wp:term":[{"taxonomy":"category","embeddable":true,"href":"https:\/\/assemit.com.br\/novo\/index.php?rest_route=%2Fwp%2Fv2%2Fcategories&post=1992"},{"taxonomy":"post_tag","embeddable":true,"href":"https:\/\/assemit.com.br\/novo\/index.php?rest_route=%2Fwp%2Fv2%2Ftags&post=1992"}],"curies":[{"name":"wp","href":"https:\/\/api.w.org\/{rel}","templated":true}]}}