{"id":1995,"date":"2018-08-09T16:39:10","date_gmt":"2018-08-09T19:39:10","guid":{"rendered":"http:\/\/www.assemit.com.br\/novo2017\/?p=1995"},"modified":"2018-08-09T16:46:10","modified_gmt":"2018-08-09T19:46:10","slug":"empreendedorismo","status":"publish","type":"post","link":"https:\/\/assemit.com.br\/novo\/?p=1995","title":{"rendered":"Empreendedorismo"},"content":{"rendered":"<p><img loading=\"lazy\" decoding=\"async\" class=\"aligncenter wp-image-1996 size-full\" src=\"http:\/\/www.assemit.com.br\/novo2017\/wp-content\/uploads\/2018\/08\/2.jpg\" alt=\"\" width=\"496\" height=\"377\" srcset=\"https:\/\/assemit.com.br\/novo\/wp-content\/uploads\/2018\/08\/2.jpg 496w, https:\/\/assemit.com.br\/novo\/wp-content\/uploads\/2018\/08\/2-300x228.jpg 300w\" sizes=\"auto, (max-width: 496px) 100vw, 496px\" \/><\/p>\n<p style=\"text-align: left;\">O N\u00facleo do Jovem Empreendedor realizou na noite de ontem, 08\/08, uma atividade que desafiou alunos do ensino m\u00e9dio e gradua\u00e7\u00e3o na apresenta\u00e7\u00e3o de seus projetos empresariais, realizados junto \u00e0 empresa Criativa Cursos no Curso de Empreendedorismo. Integrantes do n\u00facleo formaram uma banca para analisar os projetos. A atividade foi proveitosa para ambas \u00e0s partes. Os jovens participantes tiveram a possibilidade de apresentar suas ideias e desenvolver seu empreendedorismo e o N\u00facleo teve a oportunidade de mostrar um pouco de seu trabalho e identificar em alguns desses talentos futuros empreendedores.&#8221;O jovem desta gera\u00e7\u00e3o \u00e9 muito talentoso, mas precisa ser desafiado e lapidado com muita maestria, pois sua vis\u00e3o hol\u00edstica \u00e9 muito maior do que se pensa, o empres\u00e1rio que tiver um desses profissionais em sua equipe pode esperar muita evolu\u00e7\u00e3o e criatividade. Em nome da Criativa Cursos, agradecemos a receptividade e o profissionalismo com que tudo foi conduzido\u201d \u2013 finaliza K\u00e1tia<\/p>\n","protected":false},"excerpt":{"rendered":"<p>O N\u00facleo do Jovem Empreendedor realizou na noite de ontem, 08\/08, uma atividade que desafiou alunos do ensino m\u00e9dio e gradua\u00e7\u00e3o na apresenta\u00e7\u00e3o de seus projetos empresariais, realizados junto \u00e0 empresa Criativa Cursos no Curso de Empreendedorismo. Integrantes do n\u00facleo [&hellip;]<\/p>\n","protected":false},"author":5,"featured_media":0,"comment_status":"closed","ping_status":"closed","sticky":false,"template":"","format":"standard","meta":{"ngg_post_thumbnail":0,"footnotes":""},"categories":[6],"tags":[30],"class_list":["post-1995","post","type-post","status-publish","format-standard","hentry","category-novidades","tag-assemir-nucleo-do-jovem-empreendedor-itapiranguanse-empreendedorismo"],"_links":{"self":[{"href":"https:\/\/assemit.com.br\/novo\/index.php?rest_route=\/wp\/v2\/posts\/1995","targetHints":{"allow":["GET"]}}],"collection":[{"href":"https:\/\/assemit.com.br\/novo\/index.php?rest_route=\/wp\/v2\/posts"}],"about":[{"href":"https:\/\/assemit.com.br\/novo\/index.php?rest_route=\/wp\/v2\/types\/post"}],"author":[{"embeddable":true,"href":"https:\/\/assemit.com.br\/novo\/index.php?rest_route=\/wp\/v2\/users\/5"}],"replies":[{"embeddable":true,"href":"https:\/\/assemit.com.br\/novo\/index.php?rest_route=%2Fwp%2Fv2%2Fcomments&post=1995"}],"version-history":[{"count":2,"href":"https:\/\/assemit.com.br\/novo\/index.php?rest_route=\/wp\/v2\/posts\/1995\/revisions"}],"predecessor-version":[{"id":1998,"href":"https:\/\/assemit.com.br\/novo\/index.php?rest_route=\/wp\/v2\/posts\/1995\/revisions\/1998"}],"wp:attachment":[{"href":"https:\/\/assemit.com.br\/novo\/index.php?rest_route=%2Fwp%2Fv2%2Fmedia&parent=1995"}],"wp:term":[{"taxonomy":"category","embeddable":true,"href":"https:\/\/assemit.com.br\/novo\/index.php?rest_route=%2Fwp%2Fv2%2Fcategories&post=1995"},{"taxonomy":"post_tag","embeddable":true,"href":"https:\/\/assemit.com.br\/novo\/index.php?rest_route=%2Fwp%2Fv2%2Ftags&post=1995"}],"curies":[{"name":"wp","href":"https:\/\/api.w.org\/{rel}","templated":true}]}}